{"id":237276,"date":"2024-01-25T14:49:46","date_gmt":"2024-01-25T13:49:46","guid":{"rendered":"https:\/\/uwr.edu.pl\/oswiadczenie-rektora\/"},"modified":"2024-01-29T12:06:18","modified_gmt":"2024-01-29T11:06:18","slug":"rectors-statement","status":"publish","type":"post","link":"https:\/\/uwr.edu.pl\/en\/rectors-statement\/","title":{"rendered":"Rector&#8217;s statement"},"content":{"rendered":"\n<div class=\"wp-block-ugb-container ugb-container blok_nowa_podstrona ugb-8dda971 ugb-container--v2 ugb-container--design-plain ugb-main-block\"><div class=\"ugb-inner-block\"><div class=\"ugb-block-content\"><div class=\"ugb-container__wrapper ugb-8dda971-wrapper\"><div class=\"ugb-container__side\"><div class=\"ugb-container__content-wrapper ugb-8dda971-content-wrapper\">\n<div class=\"wp-block-columns bs-news-page is-layout-flex wp-block-columns-is-layout-flex\">\n<div class=\"wp-block-column bs-kontakt-photo is-layout-flow wp-block-column-is-layout-flow\">\n<figure class=\"wp-block-image size-full\"><img loading=\"lazy\" decoding=\"async\" width=\"1600\" height=\"1067\" src=\"https:\/\/uwr.edu.pl\/wp-content\/uploads\/2024\/01\/2023.06.01-Spacer-fot.Lukasz-Walawender-108.jpg\" alt=\"Gmach G\u0142\u00f3wny UWr\" class=\"wp-image-237219\" srcset=\"https:\/\/uwr.edu.pl\/wp-content\/uploads\/2024\/01\/2023.06.01-Spacer-fot.Lukasz-Walawender-108.jpg 1600w, https:\/\/uwr.edu.pl\/wp-content\/uploads\/2024\/01\/2023.06.01-Spacer-fot.Lukasz-Walawender-108-300x200.jpg 300w, https:\/\/uwr.edu.pl\/wp-content\/uploads\/2024\/01\/2023.06.01-Spacer-fot.Lukasz-Walawender-108-768x512.jpg 768w, https:\/\/uwr.edu.pl\/wp-content\/uploads\/2024\/01\/2023.06.01-Spacer-fot.Lukasz-Walawender-108-1536x1024.jpg 1536w, https:\/\/uwr.edu.pl\/wp-content\/uploads\/2024\/01\/2023.06.01-Spacer-fot.Lukasz-Walawender-108-1320x880.jpg 1320w, https:\/\/uwr.edu.pl\/wp-content\/uploads\/2024\/01\/2023.06.01-Spacer-fot.Lukasz-Walawender-108-24x16.jpg 24w, https:\/\/uwr.edu.pl\/wp-content\/uploads\/2024\/01\/2023.06.01-Spacer-fot.Lukasz-Walawender-108-36x24.jpg 36w, https:\/\/uwr.edu.pl\/wp-content\/uploads\/2024\/01\/2023.06.01-Spacer-fot.Lukasz-Walawender-108-48x32.jpg 48w\" sizes=\"auto, (max-width: 1600px) 100vw, 1600px\" \/><figcaption class=\"wp-element-caption\">Fot. \u0141ukasz Walawender<\/figcaption><\/figure>\n<\/div>\n\n\n\n<div class=\"wp-block-column bs-contact-right-column is-layout-flow wp-block-column-is-layout-flow\">\n<div class=\"wp-block-bonasoft-modular-breadcrumbs-block\"><div class=\"bs_add_breadcrumb_trail\"><\/div><\/div>\n\n\n\n<hr class=\"wp-block-separator has-text-color has-black-color has-css-opacity has-black-background-color has-background is-style-wide bs-border-kontakt\"\/>\n\n\n<h1 style=\"font-style:normal;font-weight:700\" class=\"bs-naglowek-podstrony wp-block-post-title\">Rector&#8217;s statement<\/h1>\n\n\n<p class=\"wp-block-paragraph\">In relation to numerous questions concerning the unlawful prevention of a meeting of the Student Parliament of the University of Wroc\u0142aw on 24 January this year, by a group of young people, I would like to inform you that, at the request of the Board of the Student Self-Government of the University of Wroc\u0142aw, I issued an order to my subordinate services to take measures enabling the lawful and smooth continuation of today&#8217;s interrupted meeting on 24 January.<\/p>\n<\/div>\n<\/div>\n\n\n\n<p class=\"wp-block-paragraph\">The meeting was interrupted as a result of a group of individuals entering the Student Parliament meeting who, in violation of the law and good academic manners, actually prevented the President from conducting the meeting. The purpose of the Parliament meeting was to elect representatives to the University Electoral College. We were therefore faced with an attempt, unprecedented in the recent history of the University, to undermine academic democracy and violate the integrity of the electoral process.<\/p>\n\n\n\n<p class=\"wp-block-paragraph\">The forcible resolution of disputes contravenes the fundamental principles of law and democracy and also harms the academic tradition.<\/p>\n\n\n\n<p class=\"wp-block-paragraph\">I would like to remind you that according to Article 110, section 9 of the Act on Higher Education and Science, a higher education institution is obliged, among other things, to ensure the conditions necessary for the functioning of the student self-government. Article 23 of the Act also enumerates what the tasks of the rector are, in particular &#8211; to ensure the implementation of the regulations in force at the university. There is no consent to breaking the law at the University of Wroc\u0142aw!<\/p>\n\n\n\n<p class=\"wp-block-paragraph\">prof. Robert Olkiewicz, Rector of the University of Wroc\u0142aw<\/p>\n<\/div><\/div><\/div><\/div><\/div><\/div>\n","protected":false},"excerpt":{"rendered":"<p>W zwi\u0105zku z licznymi pytaniami dotycz\u0105cymi bezprawnego uniemo\u017cliwienia przeprowadzenia posiedzenia Parlamentu Student\u00f3w Uniwersytetu Wroc\u0142awskiego w dniu 24 stycznia br., przez grup\u0119 m\u0142odych ludzi, informuj\u0119, \u017ce na pro\u015bb\u0119 Zarz\u0105du Uczelnianego Samorz\u0105du Student\u00f3w Uniwersytetu Wroc\u0142awskiego wyda\u0142em polecenie podleg\u0142ym mi s\u0142u\u017cbom, by podj\u0119\u0142y dzia\u0142ania umo\u017cliwiaj\u0105ce zgodne z prawem i sprawne kontynuowanie dzisiaj przerwanego 24 stycznia posiedzenia.<\/p>\n","protected":false},"author":615,"featured_media":237222,"comment_status":"closed","ping_status":"open","sticky":false,"template":"","format":"standard","meta":{"_acf_changed":false,"inline_featured_image":false,"site-sidebar-layout":"default","site-content-layout":"","ast-site-content-layout":"default","site-content-style":"default","site-sidebar-style":"default","ast-global-header-display":"","ast-banner-title-visibility":"","ast-main-header-display":"","ast-hfb-above-header-display":"","ast-hfb-below-header-display":"","ast-hfb-mobile-header-display":"","site-post-title":"","ast-breadcrumbs-content":"","ast-featured-img":"","footer-sml-layout":"","ast-disable-related-posts":"","theme-transparent-header-meta":"","adv-header-id-meta":"","stick-header-meta":"","header-above-stick-meta":"","header-main-stick-meta":"","header-below-stick-meta":"","astra-migrate-meta-layouts":"default","ast-page-background-enabled":"default","ast-page-background-meta":{"desktop":{"background-color":"var(--ast-global-color-5)","background-image":"","background-repeat":"repeat","background-position":"center center","background-size":"auto","background-attachment":"scroll","background-type":"","background-media":"","overlay-type":"","overlay-color":"","overlay-opacity":"","overlay-gradient":""},"tablet":{"background-color":"","background-image":"","background-repeat":"repeat","background-position":"center center","background-size":"auto","background-attachment":"scroll","background-type":"","background-media":"","overlay-type":"","overlay-color":"","overlay-opacity":"","overlay-gradient":""},"mobile":{"background-color":"","background-image":"","background-repeat":"repeat","background-position":"center center","background-size":"auto","background-attachment":"scroll","background-type":"","background-media":"","overlay-type":"","overlay-color":"","overlay-opacity":"","overlay-gradient":""}},"ast-content-background-meta":{"desktop":{"background-color":"var(--ast-global-color-4)","background-image":"","background-repeat":"repeat","background-position":"center center","background-size":"auto","background-attachment":"scroll","background-type":"","background-media":"","overlay-type":"","overlay-color":"","overlay-opacity":"","overlay-gradient":""},"tablet":{"background-color":"var(--ast-global-color-4)","background-image":"","background-repeat":"repeat","background-position":"center center","background-size":"auto","background-attachment":"scroll","background-type":"","background-media":"","overlay-type":"","overlay-color":"","overlay-opacity":"","overlay-gradient":""},"mobile":{"background-color":"var(--ast-global-color-4)","background-image":"","background-repeat":"repeat","background-position":"center center","background-size":"auto","background-attachment":"scroll","background-type":"","background-media":"","overlay-type":"","overlay-color":"","overlay-opacity":"","overlay-gradient":""}},"footnotes":""},"categories":[84,159],"tags":[],"class_list":["post-237276","post","type-post","status-publish","format-standard","has-post-thumbnail","hentry","category-news","category-ul-studies-and-students-en"],"featured_image_urls_v2":{"full":["https:\/\/uwr.edu.pl\/wp-content\/uploads\/2024\/01\/2023.06.01-Spacer-fot.Lukasz-Walawender-108.jpg",1600,1067,false],"thumbnail":["https:\/\/uwr.edu.pl\/wp-content\/uploads\/2024\/01\/2023.06.01-Spacer-fot.Lukasz-Walawender-108-150x150.jpg",150,150,true],"medium":["https:\/\/uwr.edu.pl\/wp-content\/uploads\/2024\/01\/2023.06.01-Spacer-fot.Lukasz-Walawender-108-300x200.jpg",300,200,true],"medium_large":["https:\/\/uwr.edu.pl\/wp-content\/uploads\/2024\/01\/2023.06.01-Spacer-fot.Lukasz-Walawender-108-768x512.jpg",768,512,true],"large":["https:\/\/uwr.edu.pl\/wp-content\/uploads\/2024\/01\/2023.06.01-Spacer-fot.Lukasz-Walawender-108.jpg",1600,1067,false],"1536x1536":["https:\/\/uwr.edu.pl\/wp-content\/uploads\/2024\/01\/2023.06.01-Spacer-fot.Lukasz-Walawender-108-1536x1024.jpg",1536,1024,true],"2048x2048":["https:\/\/uwr.edu.pl\/wp-content\/uploads\/2024\/01\/2023.06.01-Spacer-fot.Lukasz-Walawender-108.jpg",1600,1067,false]},"post_excerpt_stackable_v2":"<p>W zwi\u0105zku z licznymi pytaniami dotycz\u0105cymi bezprawnego uniemo\u017cliwienia przeprowadzenia posiedzenia Parlamentu Student\u00f3w Uniwersytetu Wroc\u0142awskiego w dniu 24 stycznia br., przez grup\u0119 m\u0142odych ludzi, informuj\u0119, \u017ce na pro\u015bb\u0119 Zarz\u0105du Uczelnianego Samorz\u0105du Student\u00f3w Uniwersytetu Wroc\u0142awskiego wyda\u0142em polecenie podleg\u0142ym mi s\u0142u\u017cbom, by podj\u0119\u0142y dzia\u0142ania umo\u017cliwiaj\u0105ce zgodne z prawem i sprawne kontynuowanie dzisiaj przerwanego 24 stycznia posiedzenia.<\/p>\n","category_list_v2":"<a href=\"https:\/\/uwr.edu.pl\/en\/category\/news\/\" rel=\"category tag\">News<\/a>, <a href=\"https:\/\/uwr.edu.pl\/en\/category\/ul-studies-and-students-en\/\" rel=\"category tag\">UL: Studies and Students<\/a>","author_info_v2":{"name":"mjurkiewicz","url":"https:\/\/uwr.edu.pl\/en\/author\/mjurkiewicz\/"},"comments_num_v2":"0 comments","acf":[],"yoast_head":"<!-- This site is optimized with the Yoast SEO plugin v28.0 - https:\/\/yoast.com\/product\/yoast-seo-wordpress\/ -->\n<title>Rector&#039;s statement - Uniwersytet Wroc\u0142awski<\/title>\n<meta name=\"robots\" content=\"index, follow, max-snippet:-1, max-image-preview:large, max-video-preview:-1\" \/>\n<link rel=\"canonical\" href=\"https:\/\/uwr.edu.pl\/en\/rectors-statement\/\" \/>\n<meta property=\"og:locale\" content=\"en_US\" \/>\n<meta property=\"og:type\" content=\"article\" \/>\n<meta property=\"og:title\" content=\"Rector&#039;s statement - Uniwersytet Wroc\u0142awski\" \/>\n<meta property=\"og:description\" content=\"W zwi\u0105zku z licznymi pytaniami dotycz\u0105cymi bezprawnego uniemo\u017cliwienia przeprowadzenia posiedzenia Parlamentu Student\u00f3w Uniwersytetu Wroc\u0142awskiego w dniu 24 stycznia br., przez grup\u0119 m\u0142odych ludzi, informuj\u0119, \u017ce na pro\u015bb\u0119 Zarz\u0105du Uczelnianego Samorz\u0105du Student\u00f3w Uniwersytetu Wroc\u0142awskiego wyda\u0142em polecenie podleg\u0142ym mi s\u0142u\u017cbom, by podj\u0119\u0142y dzia\u0142ania umo\u017cliwiaj\u0105ce zgodne z prawem i sprawne kontynuowanie dzisiaj przerwanego 24 stycznia posiedzenia.\" \/>\n<meta property=\"og:url\" content=\"https:\/\/uwr.edu.pl\/en\/rectors-statement\/\" \/>\n<meta property=\"og:site_name\" content=\"Uniwersytet Wroc\u0142awski\" \/>\n<meta property=\"article:published_time\" content=\"2024-01-25T13:49:46+00:00\" \/>\n<meta property=\"article:modified_time\" content=\"2024-01-29T11:06:18+00:00\" \/>\n<meta property=\"og:image\" content=\"https:\/\/uwr.edu.pl\/wp-content\/uploads\/2024\/01\/2023.06.01-Spacer-fot.Lukasz-Walawender-108.jpg\" \/>\n\t<meta property=\"og:image:width\" content=\"1600\" \/>\n\t<meta property=\"og:image:height\" content=\"1067\" \/>\n\t<meta property=\"og:image:type\" content=\"image\/jpeg\" \/>\n<meta name=\"author\" content=\"mjurkiewicz\" \/>\n<meta name=\"twitter:card\" content=\"summary_large_image\" \/>\n<meta name=\"twitter:label1\" content=\"Written by\" \/>\n\t<meta name=\"twitter:data1\" content=\"mjurkiewicz\" \/>\n\t<meta name=\"twitter:label2\" content=\"Est. reading time\" \/>\n\t<meta name=\"twitter:data2\" content=\"2 minutes\" \/>\n<script type=\"application\/ld+json\" class=\"yoast-schema-graph\">{\"@context\":\"https:\\\/\\\/schema.org\",\"@graph\":[{\"@type\":\"Article\",\"@id\":\"https:\\\/\\\/uwr.edu.pl\\\/en\\\/rectors-statement\\\/#article\",\"isPartOf\":{\"@id\":\"https:\\\/\\\/uwr.edu.pl\\\/en\\\/rectors-statement\\\/\"},\"author\":{\"name\":\"mjurkiewicz\",\"@id\":\"https:\\\/\\\/uwr.edu.pl\\\/en\\\/#\\\/schema\\\/person\\\/3783c9852e76ff47132364735fea54b3\"},\"headline\":\"Rector&#8217;s statement\",\"datePublished\":\"2024-01-25T13:49:46+00:00\",\"dateModified\":\"2024-01-29T11:06:18+00:00\",\"mainEntityOfPage\":{\"@id\":\"https:\\\/\\\/uwr.edu.pl\\\/en\\\/rectors-statement\\\/\"},\"wordCount\":273,\"publisher\":{\"@id\":\"https:\\\/\\\/uwr.edu.pl\\\/en\\\/#organization\"},\"image\":{\"@id\":\"https:\\\/\\\/uwr.edu.pl\\\/en\\\/rectors-statement\\\/#primaryimage\"},\"thumbnailUrl\":\"https:\\\/\\\/uwr.edu.pl\\\/wp-content\\\/uploads\\\/2024\\\/01\\\/2023.06.01-Spacer-fot.Lukasz-Walawender-108.jpg\",\"articleSection\":[\"News\",\"UL: Studies and Students\"],\"inLanguage\":\"en-US\"},{\"@type\":\"WebPage\",\"@id\":\"https:\\\/\\\/uwr.edu.pl\\\/en\\\/rectors-statement\\\/\",\"url\":\"https:\\\/\\\/uwr.edu.pl\\\/en\\\/rectors-statement\\\/\",\"name\":\"Rector's statement - Uniwersytet Wroc\u0142awski\",\"isPartOf\":{\"@id\":\"https:\\\/\\\/uwr.edu.pl\\\/en\\\/#website\"},\"primaryImageOfPage\":{\"@id\":\"https:\\\/\\\/uwr.edu.pl\\\/en\\\/rectors-statement\\\/#primaryimage\"},\"image\":{\"@id\":\"https:\\\/\\\/uwr.edu.pl\\\/en\\\/rectors-statement\\\/#primaryimage\"},\"thumbnailUrl\":\"https:\\\/\\\/uwr.edu.pl\\\/wp-content\\\/uploads\\\/2024\\\/01\\\/2023.06.01-Spacer-fot.Lukasz-Walawender-108.jpg\",\"datePublished\":\"2024-01-25T13:49:46+00:00\",\"dateModified\":\"2024-01-29T11:06:18+00:00\",\"breadcrumb\":{\"@id\":\"https:\\\/\\\/uwr.edu.pl\\\/en\\\/rectors-statement\\\/#breadcrumb\"},\"inLanguage\":\"en-US\",\"potentialAction\":[{\"@type\":\"ReadAction\",\"target\":[\"https:\\\/\\\/uwr.edu.pl\\\/en\\\/rectors-statement\\\/\"]}]},{\"@type\":\"ImageObject\",\"inLanguage\":\"en-US\",\"@id\":\"https:\\\/\\\/uwr.edu.pl\\\/en\\\/rectors-statement\\\/#primaryimage\",\"url\":\"https:\\\/\\\/uwr.edu.pl\\\/wp-content\\\/uploads\\\/2024\\\/01\\\/2023.06.01-Spacer-fot.Lukasz-Walawender-108.jpg\",\"contentUrl\":\"https:\\\/\\\/uwr.edu.pl\\\/wp-content\\\/uploads\\\/2024\\\/01\\\/2023.06.01-Spacer-fot.Lukasz-Walawender-108.jpg\",\"width\":1600,\"height\":1067,\"caption\":\"Fot. \u0141ukasz Walawender\"},{\"@type\":\"BreadcrumbList\",\"@id\":\"https:\\\/\\\/uwr.edu.pl\\\/en\\\/rectors-statement\\\/#breadcrumb\",\"itemListElement\":[{\"@type\":\"ListItem\",\"position\":1,\"name\":\"Strona g\u0142\u00f3wna\",\"item\":\"https:\\\/\\\/uwr.edu.pl\\\/en\\\/\"},{\"@type\":\"ListItem\",\"position\":2,\"name\":\"Rector&#8217;s statement\"}]},{\"@type\":\"WebSite\",\"@id\":\"https:\\\/\\\/uwr.edu.pl\\\/en\\\/#website\",\"url\":\"https:\\\/\\\/uwr.edu.pl\\\/en\\\/\",\"name\":\"Uniwersytet Wroc\u0142awski\",\"description\":\"Oficjalna Strona Informacyjna\",\"publisher\":{\"@id\":\"https:\\\/\\\/uwr.edu.pl\\\/en\\\/#organization\"},\"potentialAction\":[{\"@type\":\"SearchAction\",\"target\":{\"@type\":\"EntryPoint\",\"urlTemplate\":\"https:\\\/\\\/uwr.edu.pl\\\/en\\\/?s={search_term_string}\"},\"query-input\":{\"@type\":\"PropertyValueSpecification\",\"valueRequired\":true,\"valueName\":\"search_term_string\"}}],\"inLanguage\":\"en-US\"},{\"@type\":\"Organization\",\"@id\":\"https:\\\/\\\/uwr.edu.pl\\\/en\\\/#organization\",\"name\":\"Uniwersytet Wroc\u0142awski\",\"url\":\"https:\\\/\\\/uwr.edu.pl\\\/en\\\/\",\"logo\":{\"@type\":\"ImageObject\",\"inLanguage\":\"en-US\",\"@id\":\"https:\\\/\\\/uwr.edu.pl\\\/en\\\/#\\\/schema\\\/logo\\\/image\\\/\",\"url\":\"https:\\\/\\\/uwr.edu.pl\\\/wp-content\\\/uploads\\\/2025\\\/06\\\/UWr_LOGO_3_BIALE_tlo-przezroczyste_RGB_300dpi.png\",\"contentUrl\":\"https:\\\/\\\/uwr.edu.pl\\\/wp-content\\\/uploads\\\/2025\\\/06\\\/UWr_LOGO_3_BIALE_tlo-przezroczyste_RGB_300dpi.png\",\"width\":930,\"height\":424,\"caption\":\"Uniwersytet Wroc\u0142awski \"},\"image\":{\"@id\":\"https:\\\/\\\/uwr.edu.pl\\\/en\\\/#\\\/schema\\\/logo\\\/image\\\/\"}},{\"@type\":\"Person\",\"@id\":\"https:\\\/\\\/uwr.edu.pl\\\/en\\\/#\\\/schema\\\/person\\\/3783c9852e76ff47132364735fea54b3\",\"name\":\"mjurkiewicz\",\"image\":{\"@type\":\"ImageObject\",\"inLanguage\":\"en-US\",\"@id\":\"https:\\\/\\\/secure.gravatar.com\\\/avatar\\\/45ab2f71c817a3ae9b5de56db1cda996317f6c562335419731c5092cfa821662?s=96&d=mm&r=g\",\"url\":\"https:\\\/\\\/secure.gravatar.com\\\/avatar\\\/45ab2f71c817a3ae9b5de56db1cda996317f6c562335419731c5092cfa821662?s=96&d=mm&r=g\",\"contentUrl\":\"https:\\\/\\\/secure.gravatar.com\\\/avatar\\\/45ab2f71c817a3ae9b5de56db1cda996317f6c562335419731c5092cfa821662?s=96&d=mm&r=g\",\"caption\":\"mjurkiewicz\"}}]}<\/script>\n<!-- \/ Yoast SEO plugin. -->","yoast_head_json":{"title":"Rector's statement - Uniwersytet Wroc\u0142awski","robots":{"index":"index","follow":"follow","max-snippet":"max-snippet:-1","max-image-preview":"max-image-preview:large","max-video-preview":"max-video-preview:-1"},"canonical":"https:\/\/uwr.edu.pl\/en\/rectors-statement\/","og_locale":"en_US","og_type":"article","og_title":"Rector's statement - Uniwersytet Wroc\u0142awski","og_description":"W zwi\u0105zku z licznymi pytaniami dotycz\u0105cymi bezprawnego uniemo\u017cliwienia przeprowadzenia posiedzenia Parlamentu Student\u00f3w Uniwersytetu Wroc\u0142awskiego w dniu 24 stycznia br., przez grup\u0119 m\u0142odych ludzi, informuj\u0119, \u017ce na pro\u015bb\u0119 Zarz\u0105du Uczelnianego Samorz\u0105du Student\u00f3w Uniwersytetu Wroc\u0142awskiego wyda\u0142em polecenie podleg\u0142ym mi s\u0142u\u017cbom, by podj\u0119\u0142y dzia\u0142ania umo\u017cliwiaj\u0105ce zgodne z prawem i sprawne kontynuowanie dzisiaj przerwanego 24 stycznia posiedzenia.","og_url":"https:\/\/uwr.edu.pl\/en\/rectors-statement\/","og_site_name":"Uniwersytet Wroc\u0142awski","article_published_time":"2024-01-25T13:49:46+00:00","article_modified_time":"2024-01-29T11:06:18+00:00","og_image":[{"width":1600,"height":1067,"url":"https:\/\/uwr.edu.pl\/wp-content\/uploads\/2024\/01\/2023.06.01-Spacer-fot.Lukasz-Walawender-108.jpg","type":"image\/jpeg"}],"author":"mjurkiewicz","twitter_card":"summary_large_image","twitter_misc":{"Written by":"mjurkiewicz","Est. reading time":"2 minutes"},"schema":{"@context":"https:\/\/schema.org","@graph":[{"@type":"Article","@id":"https:\/\/uwr.edu.pl\/en\/rectors-statement\/#article","isPartOf":{"@id":"https:\/\/uwr.edu.pl\/en\/rectors-statement\/"},"author":{"name":"mjurkiewicz","@id":"https:\/\/uwr.edu.pl\/en\/#\/schema\/person\/3783c9852e76ff47132364735fea54b3"},"headline":"Rector&#8217;s statement","datePublished":"2024-01-25T13:49:46+00:00","dateModified":"2024-01-29T11:06:18+00:00","mainEntityOfPage":{"@id":"https:\/\/uwr.edu.pl\/en\/rectors-statement\/"},"wordCount":273,"publisher":{"@id":"https:\/\/uwr.edu.pl\/en\/#organization"},"image":{"@id":"https:\/\/uwr.edu.pl\/en\/rectors-statement\/#primaryimage"},"thumbnailUrl":"https:\/\/uwr.edu.pl\/wp-content\/uploads\/2024\/01\/2023.06.01-Spacer-fot.Lukasz-Walawender-108.jpg","articleSection":["News","UL: Studies and Students"],"inLanguage":"en-US"},{"@type":"WebPage","@id":"https:\/\/uwr.edu.pl\/en\/rectors-statement\/","url":"https:\/\/uwr.edu.pl\/en\/rectors-statement\/","name":"Rector's statement - Uniwersytet Wroc\u0142awski","isPartOf":{"@id":"https:\/\/uwr.edu.pl\/en\/#website"},"primaryImageOfPage":{"@id":"https:\/\/uwr.edu.pl\/en\/rectors-statement\/#primaryimage"},"image":{"@id":"https:\/\/uwr.edu.pl\/en\/rectors-statement\/#primaryimage"},"thumbnailUrl":"https:\/\/uwr.edu.pl\/wp-content\/uploads\/2024\/01\/2023.06.01-Spacer-fot.Lukasz-Walawender-108.jpg","datePublished":"2024-01-25T13:49:46+00:00","dateModified":"2024-01-29T11:06:18+00:00","breadcrumb":{"@id":"https:\/\/uwr.edu.pl\/en\/rectors-statement\/#breadcrumb"},"inLanguage":"en-US","potentialAction":[{"@type":"ReadAction","target":["https:\/\/uwr.edu.pl\/en\/rectors-statement\/"]}]},{"@type":"ImageObject","inLanguage":"en-US","@id":"https:\/\/uwr.edu.pl\/en\/rectors-statement\/#primaryimage","url":"https:\/\/uwr.edu.pl\/wp-content\/uploads\/2024\/01\/2023.06.01-Spacer-fot.Lukasz-Walawender-108.jpg","contentUrl":"https:\/\/uwr.edu.pl\/wp-content\/uploads\/2024\/01\/2023.06.01-Spacer-fot.Lukasz-Walawender-108.jpg","width":1600,"height":1067,"caption":"Fot. \u0141ukasz Walawender"},{"@type":"BreadcrumbList","@id":"https:\/\/uwr.edu.pl\/en\/rectors-statement\/#breadcrumb","itemListElement":[{"@type":"ListItem","position":1,"name":"Strona g\u0142\u00f3wna","item":"https:\/\/uwr.edu.pl\/en\/"},{"@type":"ListItem","position":2,"name":"Rector&#8217;s statement"}]},{"@type":"WebSite","@id":"https:\/\/uwr.edu.pl\/en\/#website","url":"https:\/\/uwr.edu.pl\/en\/","name":"Uniwersytet Wroc\u0142awski","description":"Oficjalna Strona Informacyjna","publisher":{"@id":"https:\/\/uwr.edu.pl\/en\/#organization"},"potentialAction":[{"@type":"SearchAction","target":{"@type":"EntryPoint","urlTemplate":"https:\/\/uwr.edu.pl\/en\/?s={search_term_string}"},"query-input":{"@type":"PropertyValueSpecification","valueRequired":true,"valueName":"search_term_string"}}],"inLanguage":"en-US"},{"@type":"Organization","@id":"https:\/\/uwr.edu.pl\/en\/#organization","name":"Uniwersytet Wroc\u0142awski","url":"https:\/\/uwr.edu.pl\/en\/","logo":{"@type":"ImageObject","inLanguage":"en-US","@id":"https:\/\/uwr.edu.pl\/en\/#\/schema\/logo\/image\/","url":"https:\/\/uwr.edu.pl\/wp-content\/uploads\/2025\/06\/UWr_LOGO_3_BIALE_tlo-przezroczyste_RGB_300dpi.png","contentUrl":"https:\/\/uwr.edu.pl\/wp-content\/uploads\/2025\/06\/UWr_LOGO_3_BIALE_tlo-przezroczyste_RGB_300dpi.png","width":930,"height":424,"caption":"Uniwersytet Wroc\u0142awski "},"image":{"@id":"https:\/\/uwr.edu.pl\/en\/#\/schema\/logo\/image\/"}},{"@type":"Person","@id":"https:\/\/uwr.edu.pl\/en\/#\/schema\/person\/3783c9852e76ff47132364735fea54b3","name":"mjurkiewicz","image":{"@type":"ImageObject","inLanguage":"en-US","@id":"https:\/\/secure.gravatar.com\/avatar\/45ab2f71c817a3ae9b5de56db1cda996317f6c562335419731c5092cfa821662?s=96&d=mm&r=g","url":"https:\/\/secure.gravatar.com\/avatar\/45ab2f71c817a3ae9b5de56db1cda996317f6c562335419731c5092cfa821662?s=96&d=mm&r=g","contentUrl":"https:\/\/secure.gravatar.com\/avatar\/45ab2f71c817a3ae9b5de56db1cda996317f6c562335419731c5092cfa821662?s=96&d=mm&r=g","caption":"mjurkiewicz"}}]}},"publishpress_future_action":{"enabled":false,"date":"2026-09-10 13:15:30","action":"change-status","newStatus":"draft","terms":[],"taxonomy":"category","extraData":[]},"publishpress_future_workflow_manual_trigger":{"enabledWorkflows":[]},"_links":{"self":[{"href":"https:\/\/uwr.edu.pl\/en\/wp-json\/wp\/v2\/posts\/237276","targetHints":{"allow":["GET"]}}],"collection":[{"href":"https:\/\/uwr.edu.pl\/en\/wp-json\/wp\/v2\/posts"}],"about":[{"href":"https:\/\/uwr.edu.pl\/en\/wp-json\/wp\/v2\/types\/post"}],"author":[{"embeddable":true,"href":"https:\/\/uwr.edu.pl\/en\/wp-json\/wp\/v2\/users\/615"}],"replies":[{"embeddable":true,"href":"https:\/\/uwr.edu.pl\/en\/wp-json\/wp\/v2\/comments?post=237276"}],"version-history":[{"count":1,"href":"https:\/\/uwr.edu.pl\/en\/wp-json\/wp\/v2\/posts\/237276\/revisions"}],"predecessor-version":[{"id":237279,"href":"https:\/\/uwr.edu.pl\/en\/wp-json\/wp\/v2\/posts\/237276\/revisions\/237279"}],"wp:featuredmedia":[{"embeddable":true,"href":"https:\/\/uwr.edu.pl\/en\/wp-json\/wp\/v2\/media\/237222"}],"wp:attachment":[{"href":"https:\/\/uwr.edu.pl\/en\/wp-json\/wp\/v2\/media?parent=237276"}],"wp:term":[{"taxonomy":"category","embeddable":true,"href":"https:\/\/uwr.edu.pl\/en\/wp-json\/wp\/v2\/categories?post=237276"},{"taxonomy":"post_tag","embeddable":true,"href":"https:\/\/uwr.edu.pl\/en\/wp-json\/wp\/v2\/tags?post=237276"}],"curies":[{"name":"wp","href":"https:\/\/api.w.org\/{rel}","templated":true}]}}