{"id":242055,"date":"2024-02-13T12:19:02","date_gmt":"2024-02-13T11:19:02","guid":{"rendered":"https:\/\/uwr.edu.pl\/nasz-ekspert-w-zespole-ds-ochrony-lasow\/"},"modified":"2024-02-23T12:16:29","modified_gmt":"2024-02-23T11:16:29","slug":"our-expert-in-the-forest-conservation-group","status":"publish","type":"post","link":"https:\/\/uwr.edu.pl\/en\/our-expert-in-the-forest-conservation-group\/","title":{"rendered":"Our expert in the forest conservation group"},"content":{"rendered":"\n<div class=\"wp-block-ugb-container ugb-container blok_nowa_podstrona ugb-8dda971 ugb-container--v2 ugb-container--design-plain ugb-main-block\"><div class=\"ugb-inner-block\"><div class=\"ugb-block-content\"><div class=\"ugb-container__wrapper ugb-8dda971-wrapper\"><div class=\"ugb-container__side\"><div class=\"ugb-container__content-wrapper ugb-8dda971-content-wrapper\">\n<div class=\"wp-block-columns bs-news-page is-layout-flex wp-block-columns-is-layout-flex\">\n<div class=\"wp-block-column bs-kontakt-photo is-layout-flow wp-block-column-is-layout-flow\">\n<figure class=\"wp-block-image size-large\"><img loading=\"lazy\" decoding=\"async\" width=\"1600\" height=\"1067\" src=\"https:\/\/uwr.edu.pl\/wp-content\/uploads\/2024\/02\/2023.06.01-Spacer-fot.Pawel-Piotrowski-123-1600x1067.jpg\" alt=\"las\" class=\"wp-image-239274\" srcset=\"https:\/\/uwr.edu.pl\/wp-content\/uploads\/2024\/02\/2023.06.01-Spacer-fot.Pawel-Piotrowski-123-1600x1067.jpg 1600w, https:\/\/uwr.edu.pl\/wp-content\/uploads\/2024\/02\/2023.06.01-Spacer-fot.Pawel-Piotrowski-123-300x200.jpg 300w, https:\/\/uwr.edu.pl\/wp-content\/uploads\/2024\/02\/2023.06.01-Spacer-fot.Pawel-Piotrowski-123-768x512.jpg 768w, https:\/\/uwr.edu.pl\/wp-content\/uploads\/2024\/02\/2023.06.01-Spacer-fot.Pawel-Piotrowski-123-1536x1025.jpg 1536w, https:\/\/uwr.edu.pl\/wp-content\/uploads\/2024\/02\/2023.06.01-Spacer-fot.Pawel-Piotrowski-123-2048x1366.jpg 2048w, https:\/\/uwr.edu.pl\/wp-content\/uploads\/2024\/02\/2023.06.01-Spacer-fot.Pawel-Piotrowski-123-1320x880.jpg 1320w, https:\/\/uwr.edu.pl\/wp-content\/uploads\/2024\/02\/2023.06.01-Spacer-fot.Pawel-Piotrowski-123-24x16.jpg 24w, https:\/\/uwr.edu.pl\/wp-content\/uploads\/2024\/02\/2023.06.01-Spacer-fot.Pawel-Piotrowski-123-36x24.jpg 36w, https:\/\/uwr.edu.pl\/wp-content\/uploads\/2024\/02\/2023.06.01-Spacer-fot.Pawel-Piotrowski-123-48x32.jpg 48w\" sizes=\"auto, (max-width: 1600px) 100vw, 1600px\" \/><figcaption class=\"wp-element-caption\">Photo: Pawe\u0142 Piotrowski<\/figcaption><\/figure>\n<\/div>\n\n\n\n<div class=\"wp-block-column bs-contact-right-column is-layout-flow wp-block-column-is-layout-flow\">\n<div class=\"wp-block-bonasoft-modular-breadcrumbs-block\"><div class=\"bs_add_breadcrumb_trail\"><\/div><\/div>\n\n\n\n<hr class=\"wp-block-separator has-text-color has-black-color has-css-opacity has-black-background-color has-background is-style-wide bs-border-kontakt\"\/>\n\n\n<h1 style=\"font-style:normal;font-weight:700\" class=\"bs-naglowek-podstrony wp-block-post-title\">Our expert in the forest conservation group<\/h1>\n\n\n<p class=\"wp-block-paragraph\">The Ministry of Climate and Environment Republic of Poland established a group for reinforcing the preservation of naturally valuable, and socially significant forests. The group includes prof. Krzysztof \u015awierkosz, an expert on nature conservation and geobotany.<\/p>\n<\/div>\n<\/div>\n\n\n\n<p class=\"wp-block-paragraph\">The expert group is a support unit for the minister, and its members will prepare a list of naturally and socially valuable forests to be included in the restrictions or logging bans. Its responsibility is to develop recommendations for reinforcing forest conservation, including ways to manage forests in designated areas.<\/p>\n\n\n\n<p class=\"wp-block-paragraph\">According to naturalists, this is a step toward the systemic protection of Poland&#8217;s most valuable forests.<\/p>\n\n\n\n<p class=\"wp-block-paragraph\">The first formal meeting of the forest conservation group is scheduled for Wednesday, February 14. We are certain that the Professor&#8217;s vast knowledge and experience will be of great help in conservation work! Congratulations!<\/p>\n\n\n\n<p class=\"wp-block-paragraph\"><strong>Dr&nbsp;hab. Krzysztof&nbsp;\u015awierkosz, professor of University of Wroc\u0142aw<\/strong>&nbsp;from the Faculty of Biological Sciences is the author of over 300 scientific and popular-science publications on geobotany and nature conservation. In addition, he acts as a curator at the Herbarium in Wroc\u0142aw.<\/p>\n\n\n\n<p class=\"wp-block-paragraph\">For more on prof. \u015awierkosz&#8217;s interests, see&nbsp;<a href=\"https:\/\/naukaoklimacie.pl\/aktualnosci\/polskie-lasy-wymieraja-ekspert-ich-obraz-zachowany-gleboko-w-naszych-sercach-i-umyslach-odejdzie-w-niepamiec\">\u201eNauka o klimacie\u201d<\/a> (\u201cClimate science\u201d)<\/p>\n\n\n\n<p class=\"wp-block-paragraph\">Ordinance of the Ministry of Climate and Environment Republic of Poland of February 6, 2024 <a href=\"https:\/\/dziennikurzedowy.mos.gov.pl\/fileadmin\/Dziennik_Urzedowy\/user_upload\/Poz._11_2024__Zarzadzenie_MKiS_Zespol_WOLCPWS.pdf?fbclid=IwAR0YQe-mU5I8XHXpdveaaV-n8n-UN0_bHguR_tc0E6XWX4BsPqQNh7aEf14\">https:\/\/dziennikurzedowy.mos.gov.pl\/\u2026\/Poz._11_2024\u2026<\/a><\/p>\n\n\n\n<p class=\"wp-block-paragraph\">Compiled by kg<\/p>\n\n\n\n<p class=\"wp-block-paragraph\">Translated by Wiktoria \u0141apka (student of English Studies at the University of Wroc\u0142aw) as part of the translation practice.<\/p>\n\n\n\n<p class=\"wp-block-paragraph\"><\/p>\n<\/div><\/div><\/div><\/div><\/div><\/div>\n","protected":false},"excerpt":{"rendered":"<p>Minister Klimatu i \u015arodowiska powo\u0142a\u0142 na pocz\u0105tku lutego zesp\u00f3\u0142 do spraw \u201ewzmocnienia ochrony las\u00f3w cennych przyrodniczo i wa\u017cnych spo\u0142ecznie\u201d. W kilkunastoosobowym zespole znalaz\u0142 si\u0119 prof. Krzysztof \u015awierkosz, ekspert do spraw ochrony przyrody oraz geobotaniki.<\/p>\n","protected":false},"author":615,"featured_media":239274,"comment_status":"closed","ping_status":"open","sticky":false,"template":"","format":"standard","meta":{"_acf_changed":false,"inline_featured_image":false,"site-sidebar-layout":"default","site-content-layout":"","ast-site-content-layout":"default","site-content-style":"default","site-sidebar-style":"default","ast-global-header-display":"","ast-banner-title-visibility":"","ast-main-header-display":"","ast-hfb-above-header-display":"","ast-hfb-below-header-display":"","ast-hfb-mobile-header-display":"","site-post-title":"","ast-breadcrumbs-content":"","ast-featured-img":"","footer-sml-layout":"","ast-disable-related-posts":"","theme-transparent-header-meta":"","adv-header-id-meta":"","stick-header-meta":"","header-above-stick-meta":"","header-main-stick-meta":"","header-below-stick-meta":"","astra-migrate-meta-layouts":"set","ast-page-background-enabled":"default","ast-page-background-meta":{"desktop":{"background-color":"var(--ast-global-color-5)","background-image":"","background-repeat":"repeat","background-position":"center center","background-size":"auto","background-attachment":"scroll","background-type":"","background-media":"","overlay-type":"","overlay-color":"","overlay-opacity":"","overlay-gradient":""},"tablet":{"background-color":"","background-image":"","background-repeat":"repeat","background-position":"center center","background-size":"auto","background-attachment":"scroll","background-type":"","background-media":"","overlay-type":"","overlay-color":"","overlay-opacity":"","overlay-gradient":""},"mobile":{"background-color":"","background-image":"","background-repeat":"repeat","background-position":"center center","background-size":"auto","background-attachment":"scroll","background-type":"","background-media":"","overlay-type":"","overlay-color":"","overlay-opacity":"","overlay-gradient":""}},"ast-content-background-meta":{"desktop":{"background-color":"var(--ast-global-color-4)","background-image":"","background-repeat":"repeat","background-position":"center center","background-size":"auto","background-attachment":"scroll","background-type":"","background-media":"","overlay-type":"","overlay-color":"","overlay-opacity":"","overlay-gradient":""},"tablet":{"background-color":"var(--ast-global-color-4)","background-image":"","background-repeat":"repeat","background-position":"center center","background-size":"auto","background-attachment":"scroll","background-type":"","background-media":"","overlay-type":"","overlay-color":"","overlay-opacity":"","overlay-gradient":""},"mobile":{"background-color":"var(--ast-global-color-4)","background-image":"","background-repeat":"repeat","background-position":"center center","background-size":"auto","background-attachment":"scroll","background-type":"","background-media":"","overlay-type":"","overlay-color":"","overlay-opacity":"","overlay-gradient":""}},"footnotes":""},"categories":[84],"tags":[],"class_list":["post-242055","post","type-post","status-publish","format-standard","has-post-thumbnail","hentry","category-news"],"featured_image_urls_v2":{"full":["https:\/\/uwr.edu.pl\/wp-content\/uploads\/2024\/02\/2023.06.01-Spacer-fot.Pawel-Piotrowski-123-scaled.jpg",2560,1708,false],"thumbnail":["https:\/\/uwr.edu.pl\/wp-content\/uploads\/2024\/02\/2023.06.01-Spacer-fot.Pawel-Piotrowski-123-150x150.jpg",150,150,true],"medium":["https:\/\/uwr.edu.pl\/wp-content\/uploads\/2024\/02\/2023.06.01-Spacer-fot.Pawel-Piotrowski-123-300x200.jpg",300,200,true],"medium_large":["https:\/\/uwr.edu.pl\/wp-content\/uploads\/2024\/02\/2023.06.01-Spacer-fot.Pawel-Piotrowski-123-768x512.jpg",768,512,true],"large":["https:\/\/uwr.edu.pl\/wp-content\/uploads\/2024\/02\/2023.06.01-Spacer-fot.Pawel-Piotrowski-123-1600x1067.jpg",1600,1067,true],"1536x1536":["https:\/\/uwr.edu.pl\/wp-content\/uploads\/2024\/02\/2023.06.01-Spacer-fot.Pawel-Piotrowski-123-1536x1025.jpg",1536,1025,true],"2048x2048":["https:\/\/uwr.edu.pl\/wp-content\/uploads\/2024\/02\/2023.06.01-Spacer-fot.Pawel-Piotrowski-123-2048x1366.jpg",2048,1366,true]},"post_excerpt_stackable_v2":"<p>Minister Klimatu i \u015arodowiska powo\u0142a\u0142 na pocz\u0105tku lutego zesp\u00f3\u0142 do spraw \u201ewzmocnienia ochrony las\u00f3w cennych przyrodniczo i wa\u017cnych spo\u0142ecznie\u201d. W kilkunastoosobowym zespole znalaz\u0142 si\u0119 prof. Krzysztof \u015awierkosz, ekspert do spraw ochrony przyrody oraz geobotaniki.<\/p>\n","category_list_v2":"<a href=\"https:\/\/uwr.edu.pl\/en\/category\/news\/\" rel=\"category tag\">News<\/a>","author_info_v2":{"name":"mjurkiewicz","url":"https:\/\/uwr.edu.pl\/en\/author\/mjurkiewicz\/"},"comments_num_v2":"0 comments","acf":[],"yoast_head":"<!-- This site is optimized with the Yoast SEO plugin v28.0 - https:\/\/yoast.com\/product\/yoast-seo-wordpress\/ -->\n<title>Our expert in the forest conservation group - Uniwersytet Wroc\u0142awski<\/title>\n<meta name=\"robots\" content=\"index, follow, max-snippet:-1, max-image-preview:large, max-video-preview:-1\" \/>\n<link rel=\"canonical\" href=\"https:\/\/uwr.edu.pl\/en\/our-expert-in-the-forest-conservation-group\/\" \/>\n<meta property=\"og:locale\" content=\"en_US\" \/>\n<meta property=\"og:type\" content=\"article\" \/>\n<meta property=\"og:title\" content=\"Our expert in the forest conservation group - Uniwersytet Wroc\u0142awski\" \/>\n<meta property=\"og:description\" content=\"Minister Klimatu i \u015arodowiska powo\u0142a\u0142 na pocz\u0105tku lutego zesp\u00f3\u0142 do spraw \u201ewzmocnienia ochrony las\u00f3w cennych przyrodniczo i wa\u017cnych spo\u0142ecznie\u201d. W kilkunastoosobowym zespole znalaz\u0142 si\u0119 prof. Krzysztof \u015awierkosz, ekspert do spraw ochrony przyrody oraz geobotaniki.\" \/>\n<meta property=\"og:url\" content=\"https:\/\/uwr.edu.pl\/en\/our-expert-in-the-forest-conservation-group\/\" \/>\n<meta property=\"og:site_name\" content=\"Uniwersytet Wroc\u0142awski\" \/>\n<meta property=\"article:published_time\" content=\"2024-02-13T11:19:02+00:00\" \/>\n<meta property=\"article:modified_time\" content=\"2024-02-23T11:16:29+00:00\" \/>\n<meta property=\"og:image\" content=\"https:\/\/uwr.edu.pl\/wp-content\/uploads\/2024\/02\/2023.06.01-Spacer-fot.Pawel-Piotrowski-123-scaled.jpg\" \/>\n\t<meta property=\"og:image:width\" content=\"2560\" \/>\n\t<meta property=\"og:image:height\" content=\"1708\" \/>\n\t<meta property=\"og:image:type\" content=\"image\/jpeg\" \/>\n<meta name=\"author\" content=\"mjurkiewicz\" \/>\n<meta name=\"twitter:card\" content=\"summary_large_image\" \/>\n<meta name=\"twitter:label1\" content=\"Written by\" \/>\n\t<meta name=\"twitter:data1\" content=\"mjurkiewicz\" \/>\n\t<meta name=\"twitter:label2\" content=\"Est. reading time\" \/>\n\t<meta name=\"twitter:data2\" content=\"2 minutes\" \/>\n<script type=\"application\/ld+json\" class=\"yoast-schema-graph\">{\"@context\":\"https:\\\/\\\/schema.org\",\"@graph\":[{\"@type\":\"Article\",\"@id\":\"https:\\\/\\\/uwr.edu.pl\\\/en\\\/our-expert-in-the-forest-conservation-group\\\/#article\",\"isPartOf\":{\"@id\":\"https:\\\/\\\/uwr.edu.pl\\\/en\\\/our-expert-in-the-forest-conservation-group\\\/\"},\"author\":{\"name\":\"mjurkiewicz\",\"@id\":\"https:\\\/\\\/uwr.edu.pl\\\/en\\\/#\\\/schema\\\/person\\\/3783c9852e76ff47132364735fea54b3\"},\"headline\":\"Our expert in the forest conservation group\",\"datePublished\":\"2024-02-13T11:19:02+00:00\",\"dateModified\":\"2024-02-23T11:16:29+00:00\",\"mainEntityOfPage\":{\"@id\":\"https:\\\/\\\/uwr.edu.pl\\\/en\\\/our-expert-in-the-forest-conservation-group\\\/\"},\"wordCount\":249,\"publisher\":{\"@id\":\"https:\\\/\\\/uwr.edu.pl\\\/en\\\/#organization\"},\"image\":{\"@id\":\"https:\\\/\\\/uwr.edu.pl\\\/en\\\/our-expert-in-the-forest-conservation-group\\\/#primaryimage\"},\"thumbnailUrl\":\"https:\\\/\\\/uwr.edu.pl\\\/wp-content\\\/uploads\\\/2024\\\/02\\\/2023.06.01-Spacer-fot.Pawel-Piotrowski-123-scaled.jpg\",\"articleSection\":[\"News\"],\"inLanguage\":\"en-US\"},{\"@type\":\"WebPage\",\"@id\":\"https:\\\/\\\/uwr.edu.pl\\\/en\\\/our-expert-in-the-forest-conservation-group\\\/\",\"url\":\"https:\\\/\\\/uwr.edu.pl\\\/en\\\/our-expert-in-the-forest-conservation-group\\\/\",\"name\":\"Our expert in the forest conservation group - Uniwersytet Wroc\u0142awski\",\"isPartOf\":{\"@id\":\"https:\\\/\\\/uwr.edu.pl\\\/en\\\/#website\"},\"primaryImageOfPage\":{\"@id\":\"https:\\\/\\\/uwr.edu.pl\\\/en\\\/our-expert-in-the-forest-conservation-group\\\/#primaryimage\"},\"image\":{\"@id\":\"https:\\\/\\\/uwr.edu.pl\\\/en\\\/our-expert-in-the-forest-conservation-group\\\/#primaryimage\"},\"thumbnailUrl\":\"https:\\\/\\\/uwr.edu.pl\\\/wp-content\\\/uploads\\\/2024\\\/02\\\/2023.06.01-Spacer-fot.Pawel-Piotrowski-123-scaled.jpg\",\"datePublished\":\"2024-02-13T11:19:02+00:00\",\"dateModified\":\"2024-02-23T11:16:29+00:00\",\"breadcrumb\":{\"@id\":\"https:\\\/\\\/uwr.edu.pl\\\/en\\\/our-expert-in-the-forest-conservation-group\\\/#breadcrumb\"},\"inLanguage\":\"en-US\",\"potentialAction\":[{\"@type\":\"ReadAction\",\"target\":[\"https:\\\/\\\/uwr.edu.pl\\\/en\\\/our-expert-in-the-forest-conservation-group\\\/\"]}]},{\"@type\":\"ImageObject\",\"inLanguage\":\"en-US\",\"@id\":\"https:\\\/\\\/uwr.edu.pl\\\/en\\\/our-expert-in-the-forest-conservation-group\\\/#primaryimage\",\"url\":\"https:\\\/\\\/uwr.edu.pl\\\/wp-content\\\/uploads\\\/2024\\\/02\\\/2023.06.01-Spacer-fot.Pawel-Piotrowski-123-scaled.jpg\",\"contentUrl\":\"https:\\\/\\\/uwr.edu.pl\\\/wp-content\\\/uploads\\\/2024\\\/02\\\/2023.06.01-Spacer-fot.Pawel-Piotrowski-123-scaled.jpg\",\"width\":2560,\"height\":1708,\"caption\":\"Fot. Pawe\u0142 Piotrowski\"},{\"@type\":\"BreadcrumbList\",\"@id\":\"https:\\\/\\\/uwr.edu.pl\\\/en\\\/our-expert-in-the-forest-conservation-group\\\/#breadcrumb\",\"itemListElement\":[{\"@type\":\"ListItem\",\"position\":1,\"name\":\"Strona g\u0142\u00f3wna\",\"item\":\"https:\\\/\\\/uwr.edu.pl\\\/en\\\/\"},{\"@type\":\"ListItem\",\"position\":2,\"name\":\"Our expert in the forest conservation group\"}]},{\"@type\":\"WebSite\",\"@id\":\"https:\\\/\\\/uwr.edu.pl\\\/en\\\/#website\",\"url\":\"https:\\\/\\\/uwr.edu.pl\\\/en\\\/\",\"name\":\"Uniwersytet Wroc\u0142awski\",\"description\":\"Oficjalna Strona Informacyjna\",\"publisher\":{\"@id\":\"https:\\\/\\\/uwr.edu.pl\\\/en\\\/#organization\"},\"potentialAction\":[{\"@type\":\"SearchAction\",\"target\":{\"@type\":\"EntryPoint\",\"urlTemplate\":\"https:\\\/\\\/uwr.edu.pl\\\/en\\\/?s={search_term_string}\"},\"query-input\":{\"@type\":\"PropertyValueSpecification\",\"valueRequired\":true,\"valueName\":\"search_term_string\"}}],\"inLanguage\":\"en-US\"},{\"@type\":\"Organization\",\"@id\":\"https:\\\/\\\/uwr.edu.pl\\\/en\\\/#organization\",\"name\":\"Uniwersytet Wroc\u0142awski\",\"url\":\"https:\\\/\\\/uwr.edu.pl\\\/en\\\/\",\"logo\":{\"@type\":\"ImageObject\",\"inLanguage\":\"en-US\",\"@id\":\"https:\\\/\\\/uwr.edu.pl\\\/en\\\/#\\\/schema\\\/logo\\\/image\\\/\",\"url\":\"https:\\\/\\\/uwr.edu.pl\\\/wp-content\\\/uploads\\\/2025\\\/06\\\/UWr_LOGO_3_BIALE_tlo-przezroczyste_RGB_300dpi.png\",\"contentUrl\":\"https:\\\/\\\/uwr.edu.pl\\\/wp-content\\\/uploads\\\/2025\\\/06\\\/UWr_LOGO_3_BIALE_tlo-przezroczyste_RGB_300dpi.png\",\"width\":930,\"height\":424,\"caption\":\"Uniwersytet Wroc\u0142awski \"},\"image\":{\"@id\":\"https:\\\/\\\/uwr.edu.pl\\\/en\\\/#\\\/schema\\\/logo\\\/image\\\/\"}},{\"@type\":\"Person\",\"@id\":\"https:\\\/\\\/uwr.edu.pl\\\/en\\\/#\\\/schema\\\/person\\\/3783c9852e76ff47132364735fea54b3\",\"name\":\"mjurkiewicz\",\"image\":{\"@type\":\"ImageObject\",\"inLanguage\":\"en-US\",\"@id\":\"https:\\\/\\\/secure.gravatar.com\\\/avatar\\\/45ab2f71c817a3ae9b5de56db1cda996317f6c562335419731c5092cfa821662?s=96&d=mm&r=g\",\"url\":\"https:\\\/\\\/secure.gravatar.com\\\/avatar\\\/45ab2f71c817a3ae9b5de56db1cda996317f6c562335419731c5092cfa821662?s=96&d=mm&r=g\",\"contentUrl\":\"https:\\\/\\\/secure.gravatar.com\\\/avatar\\\/45ab2f71c817a3ae9b5de56db1cda996317f6c562335419731c5092cfa821662?s=96&d=mm&r=g\",\"caption\":\"mjurkiewicz\"}}]}<\/script>\n<!-- \/ Yoast SEO plugin. -->","yoast_head_json":{"title":"Our expert in the forest conservation group - Uniwersytet Wroc\u0142awski","robots":{"index":"index","follow":"follow","max-snippet":"max-snippet:-1","max-image-preview":"max-image-preview:large","max-video-preview":"max-video-preview:-1"},"canonical":"https:\/\/uwr.edu.pl\/en\/our-expert-in-the-forest-conservation-group\/","og_locale":"en_US","og_type":"article","og_title":"Our expert in the forest conservation group - Uniwersytet Wroc\u0142awski","og_description":"Minister Klimatu i \u015arodowiska powo\u0142a\u0142 na pocz\u0105tku lutego zesp\u00f3\u0142 do spraw \u201ewzmocnienia ochrony las\u00f3w cennych przyrodniczo i wa\u017cnych spo\u0142ecznie\u201d. W kilkunastoosobowym zespole znalaz\u0142 si\u0119 prof. Krzysztof \u015awierkosz, ekspert do spraw ochrony przyrody oraz geobotaniki.","og_url":"https:\/\/uwr.edu.pl\/en\/our-expert-in-the-forest-conservation-group\/","og_site_name":"Uniwersytet Wroc\u0142awski","article_published_time":"2024-02-13T11:19:02+00:00","article_modified_time":"2024-02-23T11:16:29+00:00","og_image":[{"width":2560,"height":1708,"url":"https:\/\/uwr.edu.pl\/wp-content\/uploads\/2024\/02\/2023.06.01-Spacer-fot.Pawel-Piotrowski-123-scaled.jpg","type":"image\/jpeg"}],"author":"mjurkiewicz","twitter_card":"summary_large_image","twitter_misc":{"Written by":"mjurkiewicz","Est. reading time":"2 minutes"},"schema":{"@context":"https:\/\/schema.org","@graph":[{"@type":"Article","@id":"https:\/\/uwr.edu.pl\/en\/our-expert-in-the-forest-conservation-group\/#article","isPartOf":{"@id":"https:\/\/uwr.edu.pl\/en\/our-expert-in-the-forest-conservation-group\/"},"author":{"name":"mjurkiewicz","@id":"https:\/\/uwr.edu.pl\/en\/#\/schema\/person\/3783c9852e76ff47132364735fea54b3"},"headline":"Our expert in the forest conservation group","datePublished":"2024-02-13T11:19:02+00:00","dateModified":"2024-02-23T11:16:29+00:00","mainEntityOfPage":{"@id":"https:\/\/uwr.edu.pl\/en\/our-expert-in-the-forest-conservation-group\/"},"wordCount":249,"publisher":{"@id":"https:\/\/uwr.edu.pl\/en\/#organization"},"image":{"@id":"https:\/\/uwr.edu.pl\/en\/our-expert-in-the-forest-conservation-group\/#primaryimage"},"thumbnailUrl":"https:\/\/uwr.edu.pl\/wp-content\/uploads\/2024\/02\/2023.06.01-Spacer-fot.Pawel-Piotrowski-123-scaled.jpg","articleSection":["News"],"inLanguage":"en-US"},{"@type":"WebPage","@id":"https:\/\/uwr.edu.pl\/en\/our-expert-in-the-forest-conservation-group\/","url":"https:\/\/uwr.edu.pl\/en\/our-expert-in-the-forest-conservation-group\/","name":"Our expert in the forest conservation group - Uniwersytet Wroc\u0142awski","isPartOf":{"@id":"https:\/\/uwr.edu.pl\/en\/#website"},"primaryImageOfPage":{"@id":"https:\/\/uwr.edu.pl\/en\/our-expert-in-the-forest-conservation-group\/#primaryimage"},"image":{"@id":"https:\/\/uwr.edu.pl\/en\/our-expert-in-the-forest-conservation-group\/#primaryimage"},"thumbnailUrl":"https:\/\/uwr.edu.pl\/wp-content\/uploads\/2024\/02\/2023.06.01-Spacer-fot.Pawel-Piotrowski-123-scaled.jpg","datePublished":"2024-02-13T11:19:02+00:00","dateModified":"2024-02-23T11:16:29+00:00","breadcrumb":{"@id":"https:\/\/uwr.edu.pl\/en\/our-expert-in-the-forest-conservation-group\/#breadcrumb"},"inLanguage":"en-US","potentialAction":[{"@type":"ReadAction","target":["https:\/\/uwr.edu.pl\/en\/our-expert-in-the-forest-conservation-group\/"]}]},{"@type":"ImageObject","inLanguage":"en-US","@id":"https:\/\/uwr.edu.pl\/en\/our-expert-in-the-forest-conservation-group\/#primaryimage","url":"https:\/\/uwr.edu.pl\/wp-content\/uploads\/2024\/02\/2023.06.01-Spacer-fot.Pawel-Piotrowski-123-scaled.jpg","contentUrl":"https:\/\/uwr.edu.pl\/wp-content\/uploads\/2024\/02\/2023.06.01-Spacer-fot.Pawel-Piotrowski-123-scaled.jpg","width":2560,"height":1708,"caption":"Fot. Pawe\u0142 Piotrowski"},{"@type":"BreadcrumbList","@id":"https:\/\/uwr.edu.pl\/en\/our-expert-in-the-forest-conservation-group\/#breadcrumb","itemListElement":[{"@type":"ListItem","position":1,"name":"Strona g\u0142\u00f3wna","item":"https:\/\/uwr.edu.pl\/en\/"},{"@type":"ListItem","position":2,"name":"Our expert in the forest conservation group"}]},{"@type":"WebSite","@id":"https:\/\/uwr.edu.pl\/en\/#website","url":"https:\/\/uwr.edu.pl\/en\/","name":"Uniwersytet Wroc\u0142awski","description":"Oficjalna Strona Informacyjna","publisher":{"@id":"https:\/\/uwr.edu.pl\/en\/#organization"},"potentialAction":[{"@type":"SearchAction","target":{"@type":"EntryPoint","urlTemplate":"https:\/\/uwr.edu.pl\/en\/?s={search_term_string}"},"query-input":{"@type":"PropertyValueSpecification","valueRequired":true,"valueName":"search_term_string"}}],"inLanguage":"en-US"},{"@type":"Organization","@id":"https:\/\/uwr.edu.pl\/en\/#organization","name":"Uniwersytet Wroc\u0142awski","url":"https:\/\/uwr.edu.pl\/en\/","logo":{"@type":"ImageObject","inLanguage":"en-US","@id":"https:\/\/uwr.edu.pl\/en\/#\/schema\/logo\/image\/","url":"https:\/\/uwr.edu.pl\/wp-content\/uploads\/2025\/06\/UWr_LOGO_3_BIALE_tlo-przezroczyste_RGB_300dpi.png","contentUrl":"https:\/\/uwr.edu.pl\/wp-content\/uploads\/2025\/06\/UWr_LOGO_3_BIALE_tlo-przezroczyste_RGB_300dpi.png","width":930,"height":424,"caption":"Uniwersytet Wroc\u0142awski "},"image":{"@id":"https:\/\/uwr.edu.pl\/en\/#\/schema\/logo\/image\/"}},{"@type":"Person","@id":"https:\/\/uwr.edu.pl\/en\/#\/schema\/person\/3783c9852e76ff47132364735fea54b3","name":"mjurkiewicz","image":{"@type":"ImageObject","inLanguage":"en-US","@id":"https:\/\/secure.gravatar.com\/avatar\/45ab2f71c817a3ae9b5de56db1cda996317f6c562335419731c5092cfa821662?s=96&d=mm&r=g","url":"https:\/\/secure.gravatar.com\/avatar\/45ab2f71c817a3ae9b5de56db1cda996317f6c562335419731c5092cfa821662?s=96&d=mm&r=g","contentUrl":"https:\/\/secure.gravatar.com\/avatar\/45ab2f71c817a3ae9b5de56db1cda996317f6c562335419731c5092cfa821662?s=96&d=mm&r=g","caption":"mjurkiewicz"}}]}},"publishpress_future_action":{"enabled":false,"date":"2026-09-10 11:48:33","action":"change-status","newStatus":"draft","terms":[],"taxonomy":"category","extraData":[]},"publishpress_future_workflow_manual_trigger":{"enabledWorkflows":[]},"_links":{"self":[{"href":"https:\/\/uwr.edu.pl\/en\/wp-json\/wp\/v2\/posts\/242055","targetHints":{"allow":["GET"]}}],"collection":[{"href":"https:\/\/uwr.edu.pl\/en\/wp-json\/wp\/v2\/posts"}],"about":[{"href":"https:\/\/uwr.edu.pl\/en\/wp-json\/wp\/v2\/types\/post"}],"author":[{"embeddable":true,"href":"https:\/\/uwr.edu.pl\/en\/wp-json\/wp\/v2\/users\/615"}],"replies":[{"embeddable":true,"href":"https:\/\/uwr.edu.pl\/en\/wp-json\/wp\/v2\/comments?post=242055"}],"version-history":[{"count":1,"href":"https:\/\/uwr.edu.pl\/en\/wp-json\/wp\/v2\/posts\/242055\/revisions"}],"predecessor-version":[{"id":242061,"href":"https:\/\/uwr.edu.pl\/en\/wp-json\/wp\/v2\/posts\/242055\/revisions\/242061"}],"wp:featuredmedia":[{"embeddable":true,"href":"https:\/\/uwr.edu.pl\/en\/wp-json\/wp\/v2\/media\/239274"}],"wp:attachment":[{"href":"https:\/\/uwr.edu.pl\/en\/wp-json\/wp\/v2\/media?parent=242055"}],"wp:term":[{"taxonomy":"category","embeddable":true,"href":"https:\/\/uwr.edu.pl\/en\/wp-json\/wp\/v2\/categories?post=242055"},{"taxonomy":"post_tag","embeddable":true,"href":"https:\/\/uwr.edu.pl\/en\/wp-json\/wp\/v2\/tags?post=242055"}],"curies":[{"name":"wp","href":"https:\/\/api.w.org\/{rel}","templated":true}]}}