{"id":243282,"date":"2024-02-28T16:34:23","date_gmt":"2024-02-28T15:34:23","guid":{"rendered":"https:\/\/uwr.edu.pl\/kto-moze-zostac-rektorem-wybory-na-uwr\/"},"modified":"2024-03-01T14:45:59","modified_gmt":"2024-03-01T13:45:59","slug":"who-can-become-rector-uwr-elections","status":"publish","type":"post","link":"https:\/\/uwr.edu.pl\/en\/who-can-become-rector-uwr-elections\/","title":{"rendered":"Who can become rector? UWr elections"},"content":{"rendered":"\n<div class=\"wp-block-ugb-container ugb-container blok_nowa_podstrona ugb-8dda971 ugb-container--v2 ugb-container--design-plain ugb-main-block\"><div class=\"ugb-inner-block\"><div class=\"ugb-block-content\"><div class=\"ugb-container__wrapper ugb-8dda971-wrapper\"><div class=\"ugb-container__side\"><div class=\"ugb-container__content-wrapper ugb-8dda971-content-wrapper\">\n<div class=\"wp-block-columns bs-news-page is-layout-flex wp-block-columns-is-layout-flex\">\n<div class=\"wp-block-column bs-kontakt-photo is-layout-flow wp-block-column-is-layout-flow\">\n<figure class=\"wp-block-image size-full\"><img loading=\"lazy\" decoding=\"async\" width=\"1600\" height=\"1067\" src=\"https:\/\/uwr.edu.pl\/wp-content\/uploads\/2024\/02\/2024.02.28-Uniwersyteckie-Kolegium-Elektorow-fot.Pawel-Piotrowski-103.jpg\" alt=\"2024.02.28 - Uniwersyteckie Kolegium Elektor\u00f3w fot.Pawe\u0142 Piotrowski-103\" class=\"wp-image-242736\" srcset=\"https:\/\/uwr.edu.pl\/wp-content\/uploads\/2024\/02\/2024.02.28-Uniwersyteckie-Kolegium-Elektorow-fot.Pawel-Piotrowski-103.jpg 1600w, https:\/\/uwr.edu.pl\/wp-content\/uploads\/2024\/02\/2024.02.28-Uniwersyteckie-Kolegium-Elektorow-fot.Pawel-Piotrowski-103-300x200.jpg 300w, https:\/\/uwr.edu.pl\/wp-content\/uploads\/2024\/02\/2024.02.28-Uniwersyteckie-Kolegium-Elektorow-fot.Pawel-Piotrowski-103-768x512.jpg 768w, https:\/\/uwr.edu.pl\/wp-content\/uploads\/2024\/02\/2024.02.28-Uniwersyteckie-Kolegium-Elektorow-fot.Pawel-Piotrowski-103-1536x1024.jpg 1536w, https:\/\/uwr.edu.pl\/wp-content\/uploads\/2024\/02\/2024.02.28-Uniwersyteckie-Kolegium-Elektorow-fot.Pawel-Piotrowski-103-24x16.jpg 24w, https:\/\/uwr.edu.pl\/wp-content\/uploads\/2024\/02\/2024.02.28-Uniwersyteckie-Kolegium-Elektorow-fot.Pawel-Piotrowski-103-36x24.jpg 36w, https:\/\/uwr.edu.pl\/wp-content\/uploads\/2024\/02\/2024.02.28-Uniwersyteckie-Kolegium-Elektorow-fot.Pawel-Piotrowski-103-48x32.jpg 48w, https:\/\/uwr.edu.pl\/wp-content\/uploads\/2024\/02\/2024.02.28-Uniwersyteckie-Kolegium-Elektorow-fot.Pawel-Piotrowski-103-1320x880.jpg 1320w\" sizes=\"auto, (max-width: 1600px) 100vw, 1600px\" \/><figcaption class=\"wp-element-caption\">Photo: Pawe\u0142 Piotrowski<\/figcaption><\/figure>\n<\/div>\n\n\n\n<div class=\"wp-block-column bs-contact-right-column is-layout-flow wp-block-column-is-layout-flow\">\n<div class=\"wp-block-bonasoft-modular-breadcrumbs-block\"><div class=\"bs_add_breadcrumb_trail\"><\/div><\/div>\n\n\n\n<hr class=\"wp-block-separator has-text-color has-black-color has-css-opacity has-black-background-color has-background is-style-wide bs-border-kontakt\"\/>\n\n\n<h1 style=\"font-style:normal;font-weight:700\" class=\"bs-naglowek-podstrony wp-block-post-title\">Who can become rector? UWr elections<\/h1>\n\n\n<p class=\"wp-block-paragraph\">Eight candidates were put forward as candidates for Rector at the indictment meetings of the University Electoral College (UKE) and the University Council (RU) on 28 February 2024.<\/p>\n\n\n\n<p class=\"wp-block-paragraph\">If the designated people, within four days, submit the relevant consents to stand for election and declarations that they meet the legal requirements, they will become official candidates for Rector of the UWr.<\/p>\n<\/div>\n<\/div>\n\n\n\n<p class=\"wp-block-paragraph\">Amongst other things, a candidate for rector must hold a professor&#8217;s or postdoctoral degree and be no older than 70 at the start of the term, i.e. by 1 September 2024.<\/p>\n\n\n\n<p class=\"wp-block-paragraph\">In the Aula Leopoldina, the indictment meeting of the UKE began at 11.00 am. Each of the electors present was able to nominate one person who, in their opinion, should stand for rector.<\/p>\n\n\n\n<p class=\"wp-block-paragraph\">The electors present at the meeting were elected in earlier elections. Each group has a corresponding number of seats. The distribution of seats can be found here: <a href=\"https:\/\/uwr.edu.pl\/wybory-2024\/podzial-mandatow\/\">https:\/\/uwr.edu.pl\/wybory-2024\/podzial-mandatow\/<\/a><\/p>\n\n\n\n<p class=\"wp-block-paragraph\">The College of Electors (UKE) named 8 individuals at the indictment meeting. They are, in alphabetical order:<\/p>\n\n\n\n<p class=\"wp-block-paragraph\">1. Artur B\u0142a\u017cejewski, 22 votes<br>2. Patrycja Matusz, 1 vote<br>3. Robert Olkiewicz, 77 votes<br>4. Dariusz Rakus, 1 vote<br>5. Jan Sobczyk, 3 votes<br>6. Jacek Sutryk, 1 vote<br>7. Robert Wieczorek, 14 votes<br>8. Marcin Wodzi\u0144ski, 62 votes<\/p>\n\n\n\n<p class=\"wp-block-paragraph\">A few hours later, at 2 pm, the University Council met in the UWr Senate room. Any member of the Council has the right to propose candidates for Rector.<\/p>\n\n\n\n<p class=\"wp-block-paragraph\">The University Council nominated the following candidates for appointment:<\/p>\n\n\n\n<p class=\"wp-block-paragraph\">1. Robert Olkiewicz,\u00a0 2 votes<br>2. Robert Wieczorek,\u00a0 2 votes<br>3. Marcin Wodzi\u0144ski,\u00a0 4 votes<\/p>\n\n\n\n<p class=\"wp-block-paragraph\">The method of submitting the relevant documents to become a candidate for rector is set out in the\u00a0<a href=\"https:\/\/bip.uni.wroc.pl\/download\/attachment\/40919\/komunikat-nr-1_2024-dot-zglaszania-kandydatow_2024.pdf\">KOMUNIKAT NR 1\/2024 Przewodnicz\u0105cego UKW z dnia 27 lutego 2024 r. w sprawie sposobu zg\u0142aszania kandydatur w wyborach Rektora Uniwersytetu Wroc\u0142awskiego na kadencj\u0119 2024-2028<\/a><\/p>\n\n\n\n<p class=\"wp-block-paragraph\">On Monday, 4 March, the Chairman of the University Election Committee will make public the announcement of the candidates put forward for the Rector&#8217;s election.<\/p>\n\n\n\n<p class=\"wp-block-paragraph\">Click here for the election calendar: <a href=\"https:\/\/uwr.edu.pl\/wybory-2024\/kalendarz-wyborow-rektora\/\">https:\/\/uwr.edu.pl\/wybory-2024\/kalendarz-wyborow-rektora\/<\/a><\/p>\n\n\n\n<p class=\"wp-block-paragraph\">Compiled by Katarzyna G\u00f3rowicz-Ma\u0107kiewicz<\/p>\n\n\n<div class=\"bs_gallery\" id=\"bs_gallery_6a99a6a5e8180\" data-block-type-identifier=\"bs-mozaic-gallery\">\r\n    <div class=\"bs_gallery__images-container\">\r\n                    <div class=\"bs_gallery__column\">\r\n                                    <div class=\"bs_gallery__image-element\">\r\n                        <img decoding=\"async\" src=\"https:\/\/uwr.edu.pl\/wp-content\/uploads\/2024\/02\/2024.02.28-Uniwersyteckie-Kolegium-Elektorow-fot.Pawel-Piotrowski-107.jpg\" alt='2024.02.28 - Uniwersyteckie Kolegium Elektor\u00f3w fot.Pawe\u0142 Piotrowski-106' data-bs-lightbox-set-slide=\"0\" class=\"bs_gallery__img\" tabindex=\"0\">\r\n                    <\/div>\r\n                                    <div class=\"bs_gallery__image-element\">\r\n                        <img decoding=\"async\" src=\"https:\/\/uwr.edu.pl\/wp-content\/uploads\/2024\/02\/2024.02.28-Uniwersyteckie-Kolegium-Elektorow-fot.Pawel-Piotrowski-111.jpg\" alt='Fot. Pawe\u0142 Piotrowski' data-bs-lightbox-set-slide=\"4\" class=\"bs_gallery__img\" tabindex=\"0\">\r\n                    <\/div>\r\n                                    <div class=\"bs_gallery__image-element\">\r\n                        <img decoding=\"async\" src=\"https:\/\/uwr.edu.pl\/wp-content\/uploads\/2024\/02\/2024.02.28-Uniwersyteckie-Kolegium-Elektorow-fot.Pawel-Piotrowski-113.jpg\" alt='Fot. Pawe\u0142 Piotrowski' data-bs-lightbox-set-slide=\"8\" class=\"bs_gallery__img\" tabindex=\"0\">\r\n                    <\/div>\r\n                            <\/div>\r\n                    <div class=\"bs_gallery__column\">\r\n                                    <div class=\"bs_gallery__image-element\">\r\n                        <img decoding=\"async\" src=\"https:\/\/uwr.edu.pl\/wp-content\/uploads\/2024\/02\/2024.02.28-Uniwersyteckie-Kolegium-Elektorow-fot.Pawel-Piotrowski-105.jpg\" alt='Fot. Pawe\u0142 Piotrowski' data-bs-lightbox-set-slide=\"1\" class=\"bs_gallery__img\" tabindex=\"0\">\r\n                    <\/div>\r\n                                    <div class=\"bs_gallery__image-element\">\r\n                        <img decoding=\"async\" src=\"https:\/\/uwr.edu.pl\/wp-content\/uploads\/2024\/02\/2024.02.28-Uniwersyteckie-Kolegium-Elektorow-fot.Pawel-Piotrowski-110.jpg\" alt='Fot. Pawe\u0142 Piotrowski' data-bs-lightbox-set-slide=\"5\" class=\"bs_gallery__img\" tabindex=\"0\">\r\n                    <\/div>\r\n                                    <div class=\"bs_gallery__image-element\">\r\n                        <img decoding=\"async\" src=\"https:\/\/uwr.edu.pl\/wp-content\/uploads\/2024\/02\/2024.02.28-Indykacja-Rada-UWr-fot.Pawel-Piotrowski-103.jpg\" alt='2024.02.28 - Uniwersyteckie Kolegium Elektor\u00f3w fot.Pawe\u0142 Piotrowski-106' data-bs-lightbox-set-slide=\"9\" class=\"bs_gallery__img\" tabindex=\"0\">\r\n                    <\/div>\r\n                            <\/div>\r\n                    <div class=\"bs_gallery__column\">\r\n                                    <div class=\"bs_gallery__image-element\">\r\n                        <img decoding=\"async\" src=\"https:\/\/uwr.edu.pl\/wp-content\/uploads\/2024\/02\/2024.02.28-Uniwersyteckie-Kolegium-Elektorow-fot.Pawel-Piotrowski-106.jpg\" alt='2024.02.28 - Uniwersyteckie Kolegium Elektor\u00f3w fot.Pawe\u0142 Piotrowski-106' data-bs-lightbox-set-slide=\"2\" class=\"bs_gallery__img\" tabindex=\"0\">\r\n                    <\/div>\r\n                                    <div class=\"bs_gallery__image-element\">\r\n                        <img decoding=\"async\" src=\"https:\/\/uwr.edu.pl\/wp-content\/uploads\/2024\/02\/2024.02.28-Uniwersyteckie-Kolegium-Elektorow-fot.Pawel-Piotrowski-117.jpg\" alt='Fot. Pawe\u0142 Piotrowski' data-bs-lightbox-set-slide=\"6\" class=\"bs_gallery__img\" tabindex=\"0\">\r\n                    <\/div>\r\n                                    <div class=\"bs_gallery__image-element\">\r\n                        <img decoding=\"async\" src=\"https:\/\/uwr.edu.pl\/wp-content\/uploads\/2024\/02\/2024.02.28-Indykacja-Rada-UWr-fot.Pawel-Piotrowski-100.jpg\" alt='2024.02.28 - Uniwersyteckie Kolegium Elektor\u00f3w fot.Pawe\u0142 Piotrowski-106' data-bs-lightbox-set-slide=\"10\" class=\"bs_gallery__img\" tabindex=\"0\">\r\n                    <\/div>\r\n                            <\/div>\r\n                    <div class=\"bs_gallery__column\">\r\n                                    <div class=\"bs_gallery__image-element\">\r\n                        <img decoding=\"async\" src=\"https:\/\/uwr.edu.pl\/wp-content\/uploads\/2024\/02\/2024.02.28-Uniwersyteckie-Kolegium-Elektorow-fot.Pawel-Piotrowski-115.jpg\" alt='2024.02.28 - Uniwersyteckie Kolegium Elektor\u00f3w fot.Pawe\u0142 Piotrowski-106' data-bs-lightbox-set-slide=\"3\" class=\"bs_gallery__img\" tabindex=\"0\">\r\n                    <\/div>\r\n                                    <div class=\"bs_gallery__image-element\">\r\n                        <img decoding=\"async\" src=\"https:\/\/uwr.edu.pl\/wp-content\/uploads\/2024\/02\/2024.02.28-Uniwersyteckie-Kolegium-Elektorow-fot.Pawel-Piotrowski-116.jpg\" alt='Fot. Pawe\u0142 Piotrowski' data-bs-lightbox-set-slide=\"7\" class=\"bs_gallery__img\" tabindex=\"0\">\r\n                    <\/div>\r\n                            <\/div>\r\n            <\/div>\r\n\r\n    <div class=\"bs_gallery__lightbox-bgc\" data-show-lightbox=\"false\" data-current-offset=\"0\" data-gallery-parent-id=\"bs_gallery_6a99a6a5e8180\">\r\n    <div class=\"bs_gallery__lightbox\">\r\n        <div class=\"bs_gallery__lightbox-topbar\">\r\n            <span class=\"bs_gallery__lightbox--buttons bs_gallery__lightbox-topbar__item\" tabindex=\"-1\" role=\"button\" title=\"Close lightbox window\" data-bs-lightbox-action=\"close\">Close<\/span>\r\n        <\/div>\r\n        <div class=\"bs_gallery__lightbox-main\">\r\n            <div class=\"bs_gallery__lightbox--buttons bs_gallery__lightbox-main__button\" data-bs-lightbox-action=\"prev\"><span>&larr;<\/span><\/div>\r\n            <div class=\"bs_gallery__lightbox--content-box\">\r\n                <div class=\"bs_gallery__lightbox-main__images-slider\">\r\n                    <div class=\"bs_gallery__lightbox-main__images-slider__item\">\r\n        <img decoding=\"async\" class=\"bs_gallery__lightbox-main__images-slider__item-image\" src=\"https:\/\/uwr.edu.pl\/wp-content\/uploads\/2024\/02\/2024.02.28-Uniwersyteckie-Kolegium-Elektorow-fot.Pawel-Piotrowski-107.jpg\">\r\n        <p class=\"bs_gallery__lightbox-main__images-slider__item__caption\"> Fot. Pawe\u0142 Piotrowski<\/p>\r\n    <\/div>\r\n    <div class=\"bs_gallery__lightbox-main__images-slider__item\">\r\n        <img decoding=\"async\" class=\"bs_gallery__lightbox-main__images-slider__item-image\" src=\"https:\/\/uwr.edu.pl\/wp-content\/uploads\/2024\/02\/2024.02.28-Uniwersyteckie-Kolegium-Elektorow-fot.Pawel-Piotrowski-105.jpg\">\r\n        <p class=\"bs_gallery__lightbox-main__images-slider__item__caption\"> Fot. Pawe\u0142 Piotrowski<\/p>\r\n    <\/div>\r\n    <div class=\"bs_gallery__lightbox-main__images-slider__item\">\r\n        <img decoding=\"async\" class=\"bs_gallery__lightbox-main__images-slider__item-image\" src=\"https:\/\/uwr.edu.pl\/wp-content\/uploads\/2024\/02\/2024.02.28-Uniwersyteckie-Kolegium-Elektorow-fot.Pawel-Piotrowski-106.jpg\">\r\n        <p class=\"bs_gallery__lightbox-main__images-slider__item__caption\"> Fot. Pawe\u0142 Piotrowski<\/p>\r\n    <\/div>\r\n    <div class=\"bs_gallery__lightbox-main__images-slider__item\">\r\n        <img decoding=\"async\" class=\"bs_gallery__lightbox-main__images-slider__item-image\" src=\"https:\/\/uwr.edu.pl\/wp-content\/uploads\/2024\/02\/2024.02.28-Uniwersyteckie-Kolegium-Elektorow-fot.Pawel-Piotrowski-115.jpg\">\r\n        <p class=\"bs_gallery__lightbox-main__images-slider__item__caption\"> Fot. Pawe\u0142 Piotrowski<\/p>\r\n    <\/div>\r\n    <div class=\"bs_gallery__lightbox-main__images-slider__item\">\r\n        <img decoding=\"async\" class=\"bs_gallery__lightbox-main__images-slider__item-image\" src=\"https:\/\/uwr.edu.pl\/wp-content\/uploads\/2024\/02\/2024.02.28-Uniwersyteckie-Kolegium-Elektorow-fot.Pawel-Piotrowski-111.jpg\">\r\n        <p class=\"bs_gallery__lightbox-main__images-slider__item__caption\"> Fot. Pawe\u0142 Piotrowski<\/p>\r\n    <\/div>\r\n    <div class=\"bs_gallery__lightbox-main__images-slider__item\">\r\n        <img decoding=\"async\" class=\"bs_gallery__lightbox-main__images-slider__item-image\" src=\"https:\/\/uwr.edu.pl\/wp-content\/uploads\/2024\/02\/2024.02.28-Uniwersyteckie-Kolegium-Elektorow-fot.Pawel-Piotrowski-110.jpg\">\r\n        <p class=\"bs_gallery__lightbox-main__images-slider__item__caption\"> Fot. Pawe\u0142 Piotrowski<\/p>\r\n    <\/div>\r\n    <div class=\"bs_gallery__lightbox-main__images-slider__item\">\r\n        <img decoding=\"async\" class=\"bs_gallery__lightbox-main__images-slider__item-image\" src=\"https:\/\/uwr.edu.pl\/wp-content\/uploads\/2024\/02\/2024.02.28-Uniwersyteckie-Kolegium-Elektorow-fot.Pawel-Piotrowski-117.jpg\">\r\n        <p class=\"bs_gallery__lightbox-main__images-slider__item__caption\"> Fot. Pawe\u0142 Piotrowski<\/p>\r\n    <\/div>\r\n    <div class=\"bs_gallery__lightbox-main__images-slider__item\">\r\n        <img decoding=\"async\" class=\"bs_gallery__lightbox-main__images-slider__item-image\" src=\"https:\/\/uwr.edu.pl\/wp-content\/uploads\/2024\/02\/2024.02.28-Uniwersyteckie-Kolegium-Elektorow-fot.Pawel-Piotrowski-116.jpg\">\r\n        <p class=\"bs_gallery__lightbox-main__images-slider__item__caption\"> Fot. Pawe\u0142 Piotrowski<\/p>\r\n    <\/div>\r\n    <div class=\"bs_gallery__lightbox-main__images-slider__item\">\r\n        <img decoding=\"async\" class=\"bs_gallery__lightbox-main__images-slider__item-image\" src=\"https:\/\/uwr.edu.pl\/wp-content\/uploads\/2024\/02\/2024.02.28-Uniwersyteckie-Kolegium-Elektorow-fot.Pawel-Piotrowski-113.jpg\">\r\n        <p class=\"bs_gallery__lightbox-main__images-slider__item__caption\"> Fot. Pawe\u0142 Piotrowski<\/p>\r\n    <\/div>\r\n    <div class=\"bs_gallery__lightbox-main__images-slider__item\">\r\n        <img decoding=\"async\" class=\"bs_gallery__lightbox-main__images-slider__item-image\" src=\"https:\/\/uwr.edu.pl\/wp-content\/uploads\/2024\/02\/2024.02.28-Indykacja-Rada-UWr-fot.Pawel-Piotrowski-103.jpg\">\r\n        <p class=\"bs_gallery__lightbox-main__images-slider__item__caption\"> Fot. Pawe\u0142 Piotrowski<\/p>\r\n    <\/div>\r\n    <div class=\"bs_gallery__lightbox-main__images-slider__item\">\r\n        <img decoding=\"async\" class=\"bs_gallery__lightbox-main__images-slider__item-image\" src=\"https:\/\/uwr.edu.pl\/wp-content\/uploads\/2024\/02\/2024.02.28-Indykacja-Rada-UWr-fot.Pawel-Piotrowski-100.jpg\">\r\n        <p class=\"bs_gallery__lightbox-main__images-slider__item__caption\"> Fot. Pawe\u0142 Piotrowski<\/p>\r\n    <\/div>\r\n                <\/div>\r\n                <div class=\"bs_gallery__lightbox-main__minimap\">\r\n                                                                                                    <img decoding=\"async\" class=\"bs_gallery__lightbox-main__minimap-image\" data-bs-lightbox-set-slide=\"0\" src=\"https:\/\/uwr.edu.pl\/wp-content\/uploads\/2024\/02\/2024.02.28-Uniwersyteckie-Kolegium-Elektorow-fot.Pawel-Piotrowski-107-150x150.jpg\" data-bs-lightbox-is-active=\"false\">\r\n                                                                                <img decoding=\"async\" class=\"bs_gallery__lightbox-main__minimap-image\" data-bs-lightbox-set-slide=\"1\" src=\"https:\/\/uwr.edu.pl\/wp-content\/uploads\/2024\/02\/2024.02.28-Uniwersyteckie-Kolegium-Elektorow-fot.Pawel-Piotrowski-105-150x150.jpg\" data-bs-lightbox-is-active=\"false\">\r\n                                                                                <img decoding=\"async\" class=\"bs_gallery__lightbox-main__minimap-image\" data-bs-lightbox-set-slide=\"2\" src=\"https:\/\/uwr.edu.pl\/wp-content\/uploads\/2024\/02\/2024.02.28-Uniwersyteckie-Kolegium-Elektorow-fot.Pawel-Piotrowski-106-150x150.jpg\" data-bs-lightbox-is-active=\"false\">\r\n                                                                                <img decoding=\"async\" class=\"bs_gallery__lightbox-main__minimap-image\" data-bs-lightbox-set-slide=\"3\" src=\"https:\/\/uwr.edu.pl\/wp-content\/uploads\/2024\/02\/2024.02.28-Uniwersyteckie-Kolegium-Elektorow-fot.Pawel-Piotrowski-115-150x150.jpg\" data-bs-lightbox-is-active=\"false\">\r\n                                                                                <img decoding=\"async\" class=\"bs_gallery__lightbox-main__minimap-image\" data-bs-lightbox-set-slide=\"4\" src=\"https:\/\/uwr.edu.pl\/wp-content\/uploads\/2024\/02\/2024.02.28-Uniwersyteckie-Kolegium-Elektorow-fot.Pawel-Piotrowski-111-150x150.jpg\" data-bs-lightbox-is-active=\"false\">\r\n                                                                                <img decoding=\"async\" class=\"bs_gallery__lightbox-main__minimap-image\" data-bs-lightbox-set-slide=\"5\" src=\"https:\/\/uwr.edu.pl\/wp-content\/uploads\/2024\/02\/2024.02.28-Uniwersyteckie-Kolegium-Elektorow-fot.Pawel-Piotrowski-110-150x150.jpg\" data-bs-lightbox-is-active=\"false\">\r\n                                                                                <img decoding=\"async\" class=\"bs_gallery__lightbox-main__minimap-image\" data-bs-lightbox-set-slide=\"6\" src=\"https:\/\/uwr.edu.pl\/wp-content\/uploads\/2024\/02\/2024.02.28-Uniwersyteckie-Kolegium-Elektorow-fot.Pawel-Piotrowski-117-150x150.jpg\" data-bs-lightbox-is-active=\"false\">\r\n                                                                                <img decoding=\"async\" class=\"bs_gallery__lightbox-main__minimap-image\" data-bs-lightbox-set-slide=\"7\" src=\"https:\/\/uwr.edu.pl\/wp-content\/uploads\/2024\/02\/2024.02.28-Uniwersyteckie-Kolegium-Elektorow-fot.Pawel-Piotrowski-116-150x150.jpg\" data-bs-lightbox-is-active=\"false\">\r\n                                                                                <img decoding=\"async\" class=\"bs_gallery__lightbox-main__minimap-image\" data-bs-lightbox-set-slide=\"8\" src=\"https:\/\/uwr.edu.pl\/wp-content\/uploads\/2024\/02\/2024.02.28-Uniwersyteckie-Kolegium-Elektorow-fot.Pawel-Piotrowski-113-150x150.jpg\" data-bs-lightbox-is-active=\"false\">\r\n                                                                                <img decoding=\"async\" class=\"bs_gallery__lightbox-main__minimap-image\" data-bs-lightbox-set-slide=\"9\" src=\"https:\/\/uwr.edu.pl\/wp-content\/uploads\/2024\/02\/2024.02.28-Indykacja-Rada-UWr-fot.Pawel-Piotrowski-103-150x150.jpg\" data-bs-lightbox-is-active=\"false\">\r\n                                                                                <img decoding=\"async\" class=\"bs_gallery__lightbox-main__minimap-image\" data-bs-lightbox-set-slide=\"10\" src=\"https:\/\/uwr.edu.pl\/wp-content\/uploads\/2024\/02\/2024.02.28-Indykacja-Rada-UWr-fot.Pawel-Piotrowski-100-150x150.jpg\" data-bs-lightbox-is-active=\"false\">\r\n                                                            <\/div>\r\n            <\/div>\r\n            <div class=\"bs_gallery__lightbox--buttons bs_gallery__lightbox-main__button\" data-bs-lightbox-action=\"next\"><span>&rarr;<\/span><\/div>\r\n        <\/div>\r\n    <\/div>\r\n<\/div>\r\n<\/div><\/div><\/div><\/div><\/div><\/div><\/div>\n","protected":false},"excerpt":{"rendered":"<p>Eight candidates were put forward as candidates for Rector at the indictment meetings of the University Electoral College (UKE) and the University Council (RU) on 28 February 2024.<\/p>\n<p>If the designated people, within four days, submit the relevant consents to stand for election and declarations that they meet the legal requirements, they will become official candidates for Rector of the UWr.<\/p>\n","protected":false},"author":615,"featured_media":242736,"comment_status":"closed","ping_status":"open","sticky":false,"template":"","format":"standard","meta":{"_acf_changed":false,"inline_featured_image":false,"site-sidebar-layout":"default","site-content-layout":"","ast-site-content-layout":"default","site-content-style":"default","site-sidebar-style":"default","ast-global-header-display":"","ast-banner-title-visibility":"","ast-main-header-display":"","ast-hfb-above-header-display":"","ast-hfb-below-header-display":"","ast-hfb-mobile-header-display":"","site-post-title":"","ast-breadcrumbs-content":"","ast-featured-img":"","footer-sml-layout":"","ast-disable-related-posts":"","theme-transparent-header-meta":"","adv-header-id-meta":"","stick-header-meta":"","header-above-stick-meta":"","header-main-stick-meta":"","header-below-stick-meta":"","astra-migrate-meta-layouts":"set","ast-page-background-enabled":"default","ast-page-background-meta":{"desktop":{"background-color":"var(--ast-global-color-5)","background-image":"","background-repeat":"repeat","background-position":"center center","background-size":"auto","background-attachment":"scroll","background-type":"","background-media":"","overlay-type":"","overlay-color":"","overlay-opacity":"","overlay-gradient":""},"tablet":{"background-color":"","background-image":"","background-repeat":"repeat","background-position":"center center","background-size":"auto","background-attachment":"scroll","background-type":"","background-media":"","overlay-type":"","overlay-color":"","overlay-opacity":"","overlay-gradient":""},"mobile":{"background-color":"","background-image":"","background-repeat":"repeat","background-position":"center center","background-size":"auto","background-attachment":"scroll","background-type":"","background-media":"","overlay-type":"","overlay-color":"","overlay-opacity":"","overlay-gradient":""}},"ast-content-background-meta":{"desktop":{"background-color":"var(--ast-global-color-4)","background-image":"","background-repeat":"repeat","background-position":"center center","background-size":"auto","background-attachment":"scroll","background-type":"","background-media":"","overlay-type":"","overlay-color":"","overlay-opacity":"","overlay-gradient":""},"tablet":{"background-color":"var(--ast-global-color-4)","background-image":"","background-repeat":"repeat","background-position":"center center","background-size":"auto","background-attachment":"scroll","background-type":"","background-media":"","overlay-type":"","overlay-color":"","overlay-opacity":"","overlay-gradient":""},"mobile":{"background-color":"var(--ast-global-color-4)","background-image":"","background-repeat":"repeat","background-position":"center center","background-size":"auto","background-attachment":"scroll","background-type":"","background-media":"","overlay-type":"","overlay-color":"","overlay-opacity":"","overlay-gradient":""}},"footnotes":""},"categories":[84],"tags":[],"class_list":["post-243282","post","type-post","status-publish","format-standard","has-post-thumbnail","hentry","category-news"],"featured_image_urls_v2":{"full":["https:\/\/uwr.edu.pl\/wp-content\/uploads\/2024\/02\/2024.02.28-Uniwersyteckie-Kolegium-Elektorow-fot.Pawel-Piotrowski-103.jpg",1600,1067,false],"thumbnail":["https:\/\/uwr.edu.pl\/wp-content\/uploads\/2024\/02\/2024.02.28-Uniwersyteckie-Kolegium-Elektorow-fot.Pawel-Piotrowski-103-150x150.jpg",150,150,true],"medium":["https:\/\/uwr.edu.pl\/wp-content\/uploads\/2024\/02\/2024.02.28-Uniwersyteckie-Kolegium-Elektorow-fot.Pawel-Piotrowski-103-300x200.jpg",300,200,true],"medium_large":["https:\/\/uwr.edu.pl\/wp-content\/uploads\/2024\/02\/2024.02.28-Uniwersyteckie-Kolegium-Elektorow-fot.Pawel-Piotrowski-103-768x512.jpg",768,512,true],"large":["https:\/\/uwr.edu.pl\/wp-content\/uploads\/2024\/02\/2024.02.28-Uniwersyteckie-Kolegium-Elektorow-fot.Pawel-Piotrowski-103.jpg",1600,1067,false],"1536x1536":["https:\/\/uwr.edu.pl\/wp-content\/uploads\/2024\/02\/2024.02.28-Uniwersyteckie-Kolegium-Elektorow-fot.Pawel-Piotrowski-103-1536x1024.jpg",1536,1024,true],"2048x2048":["https:\/\/uwr.edu.pl\/wp-content\/uploads\/2024\/02\/2024.02.28-Uniwersyteckie-Kolegium-Elektorow-fot.Pawel-Piotrowski-103.jpg",1600,1067,false]},"post_excerpt_stackable_v2":"<p>Eight candidates were put forward as candidates for Rector at the indictment meetings of the University Electoral College (UKE) and the University Council (RU) on 28 February 2024.<\/p>\n<p>If the designated people, within four days, submit the relevant consents to stand for election and declarations that they meet the legal requirements, they will become official candidates for Rector of the UWr.<\/p>\n","category_list_v2":"<a href=\"https:\/\/uwr.edu.pl\/en\/category\/news\/\" rel=\"category tag\">News<\/a>","author_info_v2":{"name":"mjurkiewicz","url":"https:\/\/uwr.edu.pl\/en\/author\/mjurkiewicz\/"},"comments_num_v2":"0 comments","acf":[],"yoast_head":"<!-- This site is optimized with the Yoast SEO plugin v28.0 - https:\/\/yoast.com\/product\/yoast-seo-wordpress\/ -->\n<title>Who can become rector? UWr elections - Uniwersytet Wroc\u0142awski<\/title>\n<meta name=\"robots\" content=\"index, follow, max-snippet:-1, max-image-preview:large, max-video-preview:-1\" \/>\n<link rel=\"canonical\" href=\"https:\/\/uwr.edu.pl\/en\/who-can-become-rector-uwr-elections\/\" \/>\n<meta property=\"og:locale\" content=\"en_US\" \/>\n<meta property=\"og:type\" content=\"article\" \/>\n<meta property=\"og:title\" content=\"Who can become rector? UWr elections - Uniwersytet Wroc\u0142awski\" \/>\n<meta property=\"og:description\" content=\"Eight candidates were put forward as candidates for Rector at the indictment meetings of the University Electoral College (UKE) and the University Council (RU) on 28 February 2024. If the designated people, within four days, submit the relevant consents to stand for election and declarations that they meet the legal requirements, they will become official candidates for Rector of the UWr.\" \/>\n<meta property=\"og:url\" content=\"https:\/\/uwr.edu.pl\/en\/who-can-become-rector-uwr-elections\/\" \/>\n<meta property=\"og:site_name\" content=\"Uniwersytet Wroc\u0142awski\" \/>\n<meta property=\"article:published_time\" content=\"2024-02-28T15:34:23+00:00\" \/>\n<meta property=\"article:modified_time\" content=\"2024-03-01T13:45:59+00:00\" \/>\n<meta property=\"og:image\" content=\"https:\/\/uwr.edu.pl\/wp-content\/uploads\/2024\/02\/2024.02.28-Uniwersyteckie-Kolegium-Elektorow-fot.Pawel-Piotrowski-103.jpg\" \/>\n\t<meta property=\"og:image:width\" content=\"1600\" \/>\n\t<meta property=\"og:image:height\" content=\"1067\" \/>\n\t<meta property=\"og:image:type\" content=\"image\/jpeg\" \/>\n<meta name=\"author\" content=\"mjurkiewicz\" \/>\n<meta name=\"twitter:card\" content=\"summary_large_image\" \/>\n<meta name=\"twitter:label1\" content=\"Written by\" \/>\n\t<meta name=\"twitter:data1\" content=\"mjurkiewicz\" \/>\n\t<meta name=\"twitter:label2\" content=\"Est. reading time\" \/>\n\t<meta name=\"twitter:data2\" content=\"3 minutes\" \/>\n<script type=\"application\/ld+json\" class=\"yoast-schema-graph\">{\"@context\":\"https:\\\/\\\/schema.org\",\"@graph\":[{\"@type\":\"Article\",\"@id\":\"https:\\\/\\\/uwr.edu.pl\\\/en\\\/who-can-become-rector-uwr-elections\\\/#article\",\"isPartOf\":{\"@id\":\"https:\\\/\\\/uwr.edu.pl\\\/en\\\/who-can-become-rector-uwr-elections\\\/\"},\"author\":{\"name\":\"mjurkiewicz\",\"@id\":\"https:\\\/\\\/uwr.edu.pl\\\/en\\\/#\\\/schema\\\/person\\\/3783c9852e76ff47132364735fea54b3\"},\"headline\":\"Who can become rector? UWr elections\",\"datePublished\":\"2024-02-28T15:34:23+00:00\",\"dateModified\":\"2024-03-01T13:45:59+00:00\",\"mainEntityOfPage\":{\"@id\":\"https:\\\/\\\/uwr.edu.pl\\\/en\\\/who-can-become-rector-uwr-elections\\\/\"},\"wordCount\":338,\"publisher\":{\"@id\":\"https:\\\/\\\/uwr.edu.pl\\\/en\\\/#organization\"},\"image\":{\"@id\":\"https:\\\/\\\/uwr.edu.pl\\\/en\\\/who-can-become-rector-uwr-elections\\\/#primaryimage\"},\"thumbnailUrl\":\"https:\\\/\\\/uwr.edu.pl\\\/wp-content\\\/uploads\\\/2024\\\/02\\\/2024.02.28-Uniwersyteckie-Kolegium-Elektorow-fot.Pawel-Piotrowski-103.jpg\",\"articleSection\":[\"News\"],\"inLanguage\":\"en-US\"},{\"@type\":\"WebPage\",\"@id\":\"https:\\\/\\\/uwr.edu.pl\\\/en\\\/who-can-become-rector-uwr-elections\\\/\",\"url\":\"https:\\\/\\\/uwr.edu.pl\\\/en\\\/who-can-become-rector-uwr-elections\\\/\",\"name\":\"Who can become rector? UWr elections - Uniwersytet Wroc\u0142awski\",\"isPartOf\":{\"@id\":\"https:\\\/\\\/uwr.edu.pl\\\/en\\\/#website\"},\"primaryImageOfPage\":{\"@id\":\"https:\\\/\\\/uwr.edu.pl\\\/en\\\/who-can-become-rector-uwr-elections\\\/#primaryimage\"},\"image\":{\"@id\":\"https:\\\/\\\/uwr.edu.pl\\\/en\\\/who-can-become-rector-uwr-elections\\\/#primaryimage\"},\"thumbnailUrl\":\"https:\\\/\\\/uwr.edu.pl\\\/wp-content\\\/uploads\\\/2024\\\/02\\\/2024.02.28-Uniwersyteckie-Kolegium-Elektorow-fot.Pawel-Piotrowski-103.jpg\",\"datePublished\":\"2024-02-28T15:34:23+00:00\",\"dateModified\":\"2024-03-01T13:45:59+00:00\",\"breadcrumb\":{\"@id\":\"https:\\\/\\\/uwr.edu.pl\\\/en\\\/who-can-become-rector-uwr-elections\\\/#breadcrumb\"},\"inLanguage\":\"en-US\",\"potentialAction\":[{\"@type\":\"ReadAction\",\"target\":[\"https:\\\/\\\/uwr.edu.pl\\\/en\\\/who-can-become-rector-uwr-elections\\\/\"]}]},{\"@type\":\"ImageObject\",\"inLanguage\":\"en-US\",\"@id\":\"https:\\\/\\\/uwr.edu.pl\\\/en\\\/who-can-become-rector-uwr-elections\\\/#primaryimage\",\"url\":\"https:\\\/\\\/uwr.edu.pl\\\/wp-content\\\/uploads\\\/2024\\\/02\\\/2024.02.28-Uniwersyteckie-Kolegium-Elektorow-fot.Pawel-Piotrowski-103.jpg\",\"contentUrl\":\"https:\\\/\\\/uwr.edu.pl\\\/wp-content\\\/uploads\\\/2024\\\/02\\\/2024.02.28-Uniwersyteckie-Kolegium-Elektorow-fot.Pawel-Piotrowski-103.jpg\",\"width\":1600,\"height\":1067,\"caption\":\"Fot. Pawe\u0142 Piotrowski\"},{\"@type\":\"BreadcrumbList\",\"@id\":\"https:\\\/\\\/uwr.edu.pl\\\/en\\\/who-can-become-rector-uwr-elections\\\/#breadcrumb\",\"itemListElement\":[{\"@type\":\"ListItem\",\"position\":1,\"name\":\"Strona g\u0142\u00f3wna\",\"item\":\"https:\\\/\\\/uwr.edu.pl\\\/en\\\/\"},{\"@type\":\"ListItem\",\"position\":2,\"name\":\"Who can become rector? UWr elections\"}]},{\"@type\":\"WebSite\",\"@id\":\"https:\\\/\\\/uwr.edu.pl\\\/en\\\/#website\",\"url\":\"https:\\\/\\\/uwr.edu.pl\\\/en\\\/\",\"name\":\"Uniwersytet Wroc\u0142awski\",\"description\":\"Oficjalna Strona Informacyjna\",\"publisher\":{\"@id\":\"https:\\\/\\\/uwr.edu.pl\\\/en\\\/#organization\"},\"potentialAction\":[{\"@type\":\"SearchAction\",\"target\":{\"@type\":\"EntryPoint\",\"urlTemplate\":\"https:\\\/\\\/uwr.edu.pl\\\/en\\\/?s={search_term_string}\"},\"query-input\":{\"@type\":\"PropertyValueSpecification\",\"valueRequired\":true,\"valueName\":\"search_term_string\"}}],\"inLanguage\":\"en-US\"},{\"@type\":\"Organization\",\"@id\":\"https:\\\/\\\/uwr.edu.pl\\\/en\\\/#organization\",\"name\":\"Uniwersytet Wroc\u0142awski\",\"url\":\"https:\\\/\\\/uwr.edu.pl\\\/en\\\/\",\"logo\":{\"@type\":\"ImageObject\",\"inLanguage\":\"en-US\",\"@id\":\"https:\\\/\\\/uwr.edu.pl\\\/en\\\/#\\\/schema\\\/logo\\\/image\\\/\",\"url\":\"https:\\\/\\\/uwr.edu.pl\\\/wp-content\\\/uploads\\\/2025\\\/06\\\/UWr_LOGO_3_BIALE_tlo-przezroczyste_RGB_300dpi.png\",\"contentUrl\":\"https:\\\/\\\/uwr.edu.pl\\\/wp-content\\\/uploads\\\/2025\\\/06\\\/UWr_LOGO_3_BIALE_tlo-przezroczyste_RGB_300dpi.png\",\"width\":930,\"height\":424,\"caption\":\"Uniwersytet Wroc\u0142awski \"},\"image\":{\"@id\":\"https:\\\/\\\/uwr.edu.pl\\\/en\\\/#\\\/schema\\\/logo\\\/image\\\/\"}},{\"@type\":\"Person\",\"@id\":\"https:\\\/\\\/uwr.edu.pl\\\/en\\\/#\\\/schema\\\/person\\\/3783c9852e76ff47132364735fea54b3\",\"name\":\"mjurkiewicz\",\"image\":{\"@type\":\"ImageObject\",\"inLanguage\":\"en-US\",\"@id\":\"https:\\\/\\\/secure.gravatar.com\\\/avatar\\\/45ab2f71c817a3ae9b5de56db1cda996317f6c562335419731c5092cfa821662?s=96&d=mm&r=g\",\"url\":\"https:\\\/\\\/secure.gravatar.com\\\/avatar\\\/45ab2f71c817a3ae9b5de56db1cda996317f6c562335419731c5092cfa821662?s=96&d=mm&r=g\",\"contentUrl\":\"https:\\\/\\\/secure.gravatar.com\\\/avatar\\\/45ab2f71c817a3ae9b5de56db1cda996317f6c562335419731c5092cfa821662?s=96&d=mm&r=g\",\"caption\":\"mjurkiewicz\"}}]}<\/script>\n<!-- \/ Yoast SEO plugin. -->","yoast_head_json":{"title":"Who can become rector? UWr elections - Uniwersytet Wroc\u0142awski","robots":{"index":"index","follow":"follow","max-snippet":"max-snippet:-1","max-image-preview":"max-image-preview:large","max-video-preview":"max-video-preview:-1"},"canonical":"https:\/\/uwr.edu.pl\/en\/who-can-become-rector-uwr-elections\/","og_locale":"en_US","og_type":"article","og_title":"Who can become rector? UWr elections - Uniwersytet Wroc\u0142awski","og_description":"Eight candidates were put forward as candidates for Rector at the indictment meetings of the University Electoral College (UKE) and the University Council (RU) on 28 February 2024. If the designated people, within four days, submit the relevant consents to stand for election and declarations that they meet the legal requirements, they will become official candidates for Rector of the UWr.","og_url":"https:\/\/uwr.edu.pl\/en\/who-can-become-rector-uwr-elections\/","og_site_name":"Uniwersytet Wroc\u0142awski","article_published_time":"2024-02-28T15:34:23+00:00","article_modified_time":"2024-03-01T13:45:59+00:00","og_image":[{"width":1600,"height":1067,"url":"https:\/\/uwr.edu.pl\/wp-content\/uploads\/2024\/02\/2024.02.28-Uniwersyteckie-Kolegium-Elektorow-fot.Pawel-Piotrowski-103.jpg","type":"image\/jpeg"}],"author":"mjurkiewicz","twitter_card":"summary_large_image","twitter_misc":{"Written by":"mjurkiewicz","Est. reading time":"3 minutes"},"schema":{"@context":"https:\/\/schema.org","@graph":[{"@type":"Article","@id":"https:\/\/uwr.edu.pl\/en\/who-can-become-rector-uwr-elections\/#article","isPartOf":{"@id":"https:\/\/uwr.edu.pl\/en\/who-can-become-rector-uwr-elections\/"},"author":{"name":"mjurkiewicz","@id":"https:\/\/uwr.edu.pl\/en\/#\/schema\/person\/3783c9852e76ff47132364735fea54b3"},"headline":"Who can become rector? UWr elections","datePublished":"2024-02-28T15:34:23+00:00","dateModified":"2024-03-01T13:45:59+00:00","mainEntityOfPage":{"@id":"https:\/\/uwr.edu.pl\/en\/who-can-become-rector-uwr-elections\/"},"wordCount":338,"publisher":{"@id":"https:\/\/uwr.edu.pl\/en\/#organization"},"image":{"@id":"https:\/\/uwr.edu.pl\/en\/who-can-become-rector-uwr-elections\/#primaryimage"},"thumbnailUrl":"https:\/\/uwr.edu.pl\/wp-content\/uploads\/2024\/02\/2024.02.28-Uniwersyteckie-Kolegium-Elektorow-fot.Pawel-Piotrowski-103.jpg","articleSection":["News"],"inLanguage":"en-US"},{"@type":"WebPage","@id":"https:\/\/uwr.edu.pl\/en\/who-can-become-rector-uwr-elections\/","url":"https:\/\/uwr.edu.pl\/en\/who-can-become-rector-uwr-elections\/","name":"Who can become rector? UWr elections - Uniwersytet Wroc\u0142awski","isPartOf":{"@id":"https:\/\/uwr.edu.pl\/en\/#website"},"primaryImageOfPage":{"@id":"https:\/\/uwr.edu.pl\/en\/who-can-become-rector-uwr-elections\/#primaryimage"},"image":{"@id":"https:\/\/uwr.edu.pl\/en\/who-can-become-rector-uwr-elections\/#primaryimage"},"thumbnailUrl":"https:\/\/uwr.edu.pl\/wp-content\/uploads\/2024\/02\/2024.02.28-Uniwersyteckie-Kolegium-Elektorow-fot.Pawel-Piotrowski-103.jpg","datePublished":"2024-02-28T15:34:23+00:00","dateModified":"2024-03-01T13:45:59+00:00","breadcrumb":{"@id":"https:\/\/uwr.edu.pl\/en\/who-can-become-rector-uwr-elections\/#breadcrumb"},"inLanguage":"en-US","potentialAction":[{"@type":"ReadAction","target":["https:\/\/uwr.edu.pl\/en\/who-can-become-rector-uwr-elections\/"]}]},{"@type":"ImageObject","inLanguage":"en-US","@id":"https:\/\/uwr.edu.pl\/en\/who-can-become-rector-uwr-elections\/#primaryimage","url":"https:\/\/uwr.edu.pl\/wp-content\/uploads\/2024\/02\/2024.02.28-Uniwersyteckie-Kolegium-Elektorow-fot.Pawel-Piotrowski-103.jpg","contentUrl":"https:\/\/uwr.edu.pl\/wp-content\/uploads\/2024\/02\/2024.02.28-Uniwersyteckie-Kolegium-Elektorow-fot.Pawel-Piotrowski-103.jpg","width":1600,"height":1067,"caption":"Fot. Pawe\u0142 Piotrowski"},{"@type":"BreadcrumbList","@id":"https:\/\/uwr.edu.pl\/en\/who-can-become-rector-uwr-elections\/#breadcrumb","itemListElement":[{"@type":"ListItem","position":1,"name":"Strona g\u0142\u00f3wna","item":"https:\/\/uwr.edu.pl\/en\/"},{"@type":"ListItem","position":2,"name":"Who can become rector? UWr elections"}]},{"@type":"WebSite","@id":"https:\/\/uwr.edu.pl\/en\/#website","url":"https:\/\/uwr.edu.pl\/en\/","name":"Uniwersytet Wroc\u0142awski","description":"Oficjalna Strona Informacyjna","publisher":{"@id":"https:\/\/uwr.edu.pl\/en\/#organization"},"potentialAction":[{"@type":"SearchAction","target":{"@type":"EntryPoint","urlTemplate":"https:\/\/uwr.edu.pl\/en\/?s={search_term_string}"},"query-input":{"@type":"PropertyValueSpecification","valueRequired":true,"valueName":"search_term_string"}}],"inLanguage":"en-US"},{"@type":"Organization","@id":"https:\/\/uwr.edu.pl\/en\/#organization","name":"Uniwersytet Wroc\u0142awski","url":"https:\/\/uwr.edu.pl\/en\/","logo":{"@type":"ImageObject","inLanguage":"en-US","@id":"https:\/\/uwr.edu.pl\/en\/#\/schema\/logo\/image\/","url":"https:\/\/uwr.edu.pl\/wp-content\/uploads\/2025\/06\/UWr_LOGO_3_BIALE_tlo-przezroczyste_RGB_300dpi.png","contentUrl":"https:\/\/uwr.edu.pl\/wp-content\/uploads\/2025\/06\/UWr_LOGO_3_BIALE_tlo-przezroczyste_RGB_300dpi.png","width":930,"height":424,"caption":"Uniwersytet Wroc\u0142awski "},"image":{"@id":"https:\/\/uwr.edu.pl\/en\/#\/schema\/logo\/image\/"}},{"@type":"Person","@id":"https:\/\/uwr.edu.pl\/en\/#\/schema\/person\/3783c9852e76ff47132364735fea54b3","name":"mjurkiewicz","image":{"@type":"ImageObject","inLanguage":"en-US","@id":"https:\/\/secure.gravatar.com\/avatar\/45ab2f71c817a3ae9b5de56db1cda996317f6c562335419731c5092cfa821662?s=96&d=mm&r=g","url":"https:\/\/secure.gravatar.com\/avatar\/45ab2f71c817a3ae9b5de56db1cda996317f6c562335419731c5092cfa821662?s=96&d=mm&r=g","contentUrl":"https:\/\/secure.gravatar.com\/avatar\/45ab2f71c817a3ae9b5de56db1cda996317f6c562335419731c5092cfa821662?s=96&d=mm&r=g","caption":"mjurkiewicz"}}]}},"publishpress_future_action":{"enabled":false,"date":"2026-09-10 18:56:06","action":"change-status","newStatus":"draft","terms":[],"taxonomy":"category","extraData":[]},"publishpress_future_workflow_manual_trigger":{"enabledWorkflows":[]},"_links":{"self":[{"href":"https:\/\/uwr.edu.pl\/en\/wp-json\/wp\/v2\/posts\/243282","targetHints":{"allow":["GET"]}}],"collection":[{"href":"https:\/\/uwr.edu.pl\/en\/wp-json\/wp\/v2\/posts"}],"about":[{"href":"https:\/\/uwr.edu.pl\/en\/wp-json\/wp\/v2\/types\/post"}],"author":[{"embeddable":true,"href":"https:\/\/uwr.edu.pl\/en\/wp-json\/wp\/v2\/users\/615"}],"replies":[{"embeddable":true,"href":"https:\/\/uwr.edu.pl\/en\/wp-json\/wp\/v2\/comments?post=243282"}],"version-history":[{"count":1,"href":"https:\/\/uwr.edu.pl\/en\/wp-json\/wp\/v2\/posts\/243282\/revisions"}],"predecessor-version":[{"id":243288,"href":"https:\/\/uwr.edu.pl\/en\/wp-json\/wp\/v2\/posts\/243282\/revisions\/243288"}],"wp:featuredmedia":[{"embeddable":true,"href":"https:\/\/uwr.edu.pl\/en\/wp-json\/wp\/v2\/media\/242736"}],"wp:attachment":[{"href":"https:\/\/uwr.edu.pl\/en\/wp-json\/wp\/v2\/media?parent=243282"}],"wp:term":[{"taxonomy":"category","embeddable":true,"href":"https:\/\/uwr.edu.pl\/en\/wp-json\/wp\/v2\/categories?post=243282"},{"taxonomy":"post_tag","embeddable":true,"href":"https:\/\/uwr.edu.pl\/en\/wp-json\/wp\/v2\/tags?post=243282"}],"curies":[{"name":"wp","href":"https:\/\/api.w.org\/{rel}","templated":true}]}}