{"id":254367,"date":"2024-05-06T12:37:33","date_gmt":"2024-05-06T10:37:33","guid":{"rendered":"https:\/\/uwr.edu.pl\/poniedzialki-z-wuwr-5\/"},"modified":"2024-05-06T13:53:18","modified_gmt":"2024-05-06T11:53:18","slug":"mondays-with-wuwr-5","status":"publish","type":"post","link":"https:\/\/uwr.edu.pl\/en\/mondays-with-wuwr-5\/","title":{"rendered":"Mondays with WUWr #5"},"content":{"rendered":"\n<div class=\"wp-block-ugb-container ugb-container blok_nowa_podstrona ugb-8dda971 ugb-container--v2 ugb-container--design-plain ugb-main-block\"><div class=\"ugb-inner-block\"><div class=\"ugb-block-content\"><div class=\"ugb-container__wrapper ugb-8dda971-wrapper\"><div class=\"ugb-container__side\"><div class=\"ugb-container__content-wrapper ugb-8dda971-content-wrapper\">\n<div class=\"wp-block-columns bs-news-page is-layout-flex wp-block-columns-is-layout-flex\">\n<div class=\"wp-block-column bs-kontakt-photo is-layout-flow wp-block-column-is-layout-flow\">\n<figure class=\"wp-block-image size-large\"><img loading=\"lazy\" decoding=\"async\" width=\"1600\" height=\"1067\" src=\"https:\/\/uwr.edu.pl\/wp-content\/uploads\/2024\/05\/06_Blekitny-Fin-de-siecle_fot.-Dominika-Hull-Bruska-1600x1067.jpg\" alt=\"06_B\u0142\u0119kitny Fin de siecle_fot. Dominika Hull-Bruska\" class=\"wp-image-254337\" srcset=\"https:\/\/uwr.edu.pl\/wp-content\/uploads\/2024\/05\/06_Blekitny-Fin-de-siecle_fot.-Dominika-Hull-Bruska-1600x1067.jpg 1600w, https:\/\/uwr.edu.pl\/wp-content\/uploads\/2024\/05\/06_Blekitny-Fin-de-siecle_fot.-Dominika-Hull-Bruska-300x200.jpg 300w, https:\/\/uwr.edu.pl\/wp-content\/uploads\/2024\/05\/06_Blekitny-Fin-de-siecle_fot.-Dominika-Hull-Bruska-768x512.jpg 768w, https:\/\/uwr.edu.pl\/wp-content\/uploads\/2024\/05\/06_Blekitny-Fin-de-siecle_fot.-Dominika-Hull-Bruska-1536x1024.jpg 1536w, https:\/\/uwr.edu.pl\/wp-content\/uploads\/2024\/05\/06_Blekitny-Fin-de-siecle_fot.-Dominika-Hull-Bruska-2048x1365.jpg 2048w, https:\/\/uwr.edu.pl\/wp-content\/uploads\/2024\/05\/06_Blekitny-Fin-de-siecle_fot.-Dominika-Hull-Bruska-24x16.jpg 24w, https:\/\/uwr.edu.pl\/wp-content\/uploads\/2024\/05\/06_Blekitny-Fin-de-siecle_fot.-Dominika-Hull-Bruska-36x24.jpg 36w, https:\/\/uwr.edu.pl\/wp-content\/uploads\/2024\/05\/06_Blekitny-Fin-de-siecle_fot.-Dominika-Hull-Bruska-48x32.jpg 48w, https:\/\/uwr.edu.pl\/wp-content\/uploads\/2024\/05\/06_Blekitny-Fin-de-siecle_fot.-Dominika-Hull-Bruska-1320x880.jpg 1320w\" sizes=\"auto, (max-width: 1600px) 100vw, 1600px\" \/><figcaption class=\"wp-element-caption\">Photo: Dominika Hull-Bruska<\/figcaption><\/figure>\n<\/div>\n\n\n\n<div class=\"wp-block-column bs-contact-right-column is-layout-flow wp-block-column-is-layout-flow\">\n<div class=\"wp-block-bonasoft-modular-breadcrumbs-block\"><div class=\"bs_add_breadcrumb_trail\"><\/div><\/div>\n\n\n\n<hr class=\"wp-block-separator has-text-color has-black-color has-css-opacity has-black-background-color has-background is-style-wide bs-border-kontakt\"\/>\n\n\n<h1 style=\"font-style:normal;font-weight:700\" class=\"bs-naglowek-podstrony wp-block-post-title\">Mondays with WUWr #5<\/h1>\n\n\n<p class=\"wp-block-paragraph\"><strong>There\u2019s a lot going on at the University of Wroc\u0142aw Press and we want to keep you informed!<\/strong><\/p>\n\n\n\n<p class=\"wp-block-paragraph\">With this post, we start #mondayswithWUWr. We will keep you informed about the most important book launches, events and promotions, invite you to publications and describe what\u2019s new! Today is the first Monday summary. For more, visit\u00a0<a href=\"https:\/\/wuwr.eu\/\">wuwr.eu<\/a>!<\/p>\n<\/div>\n<\/div>\n\n\n\n<p class=\"wp-block-paragraph\"><strong>Author meeting with Justyna Bajda, the author of the book <em>B\u0142\u0119kitny fin de si\u00e8cle<\/em><\/strong><\/p>\n\n\n\n<p class=\"wp-block-paragraph\">If you are curious what prompted the author of the blue book to tackle this colour (and what will be next?) Why did she refer to Zapolska, Przerwy-Tetmajer and Wyspia\u0144ski? What made Young Poland blue?<\/p>\n\n\n\n<p class=\"wp-block-paragraph\">As early as 9 May (Thursday) at 18:00, the Proza Club (Przej\u015bcie Garncarskie 2) will host an author meeting around the book B\u0142\u0119kitny fin de si\u00e8cle. Professor Justyna Bajda will be interviewed by editor Mariusz Urbanek on the subject of the blues. Details on the event page: <a href=\"https:\/\/www.facebook.com\/events\/3778818149068397\/\">https:\/\/www.facebook.com\/events\/3778818149068397\/<\/a><\/p>\n\n\n\n<p class=\"wp-block-paragraph\">We encourage you to buy the publication &#8211; also during the meeting! By buying directly from the publisher you support the authors.<\/p>\n\n\n\n<p class=\"wp-block-paragraph\">The book is under the media patronage of Polish Radio Programme 2 and the patronage of Wroc\u0142aw &#8211; UNESCO City of Literature.<\/p>\n\n\n\n<p class=\"wp-block-paragraph\"><strong>Meeting with the editor and authors of \u2018Anglica Wratislaviensia\u2019<\/strong><\/p>\n\n\n\n<p class=\"wp-block-paragraph\">We would also like to invite you to an online meeting around issue 61.1 of the journal \u2018Anglica Wratislaviensia\u2019. The discussion with three scholars of multimodal communication will be moderated by dr hab. Micha\u0142 Szawerna from the UWr Institute of English Studies. The participants will be dr Hiroki Hanamoto from Japan, dr Kimberley Pager-McClymont from the UK and dr Ilhana Nowak from France.<\/p>\n\n\n\n<p class=\"wp-block-paragraph\">Link to the event on fb, where you can find all the details: <a href=\"https:\/\/www.facebook.com\/events\/796505262374415\">https:\/\/www.facebook.com\/events\/796505262374415<\/a><br><br><\/p>\n\n\n\n<p class=\"wp-block-paragraph\"><strong>Job! The publishing house is looking for an Initiating Editor!<\/strong> (in Polish)<\/p>\n\n\n\n<p class=\"wp-block-paragraph\">The University of Wroc\u0142aw Press, due to a major reorganisation and new challenges, is looking for an initiating editor for books to join its team.<\/p>\n\n\n\n<p class=\"wp-block-paragraph\">The main responsibilities include: initiating new titles and new publishing series, managing publishing projects at all stages, acquiring rights to titles and illustration material &#8211; liaising with authors and rights holders, coordinating the conclusion and preparation of contracts and their archiving, participating in national and international book fairs to acquire and sell copyrights and liaising with authors, literary agents, translators and foreign publishers.<\/p>\n\n\n\n<p class=\"wp-block-paragraph\">Details on the website: <a href=\"https:\/\/wuwr.eu\/praca-na-stanowisku-redaktor_ka-inicjujacy_a-ksiazek\/\">Praca na stanowisku: Redaktor_ka inicjuj\u0105cy_a ksi\u0105\u017cek | Wydawnictwo Uniwersytetu Wroc\u0142awskiego (wuwr.eu)<\/a><\/p>\n\n\n<div class=\"bs_gallery\" id=\"bs_gallery_6a9acc7e1a428\" data-block-type-identifier=\"bs-mozaic-gallery\">\r\n    <div class=\"bs_gallery__images-container\">\r\n                    <div class=\"bs_gallery__column\">\r\n                                    <div class=\"bs_gallery__image-element\">\r\n                        <img decoding=\"async\" src=\"https:\/\/uwr.edu.pl\/wp-content\/uploads\/2024\/05\/011_Blekitny-Fin-de-siecle_fot.-Dominika-Hull-Bruska-1-1600x1067.jpg\" alt='011_B\u0142\u0119kitny Fin de siecle_fot. Dominika Hull-Bruska (1)' data-bs-lightbox-set-slide=\"0\" class=\"bs_gallery__img\" tabindex=\"0\">\r\n                    <\/div>\r\n                            <\/div>\r\n                    <div class=\"bs_gallery__column\">\r\n                                    <div class=\"bs_gallery__image-element\">\r\n                        <img decoding=\"async\" src=\"https:\/\/uwr.edu.pl\/wp-content\/uploads\/2024\/05\/05_Blekitny-Fin-de-siecle_fot.-Dominika-Hull-Bruska-1600x1067.jpg\" alt='011_B\u0142\u0119kitny Fin de siecle_fot. Dominika Hull-Bruska (1)' data-bs-lightbox-set-slide=\"1\" class=\"bs_gallery__img\" tabindex=\"0\">\r\n                    <\/div>\r\n                            <\/div>\r\n                    <div class=\"bs_gallery__column\">\r\n                                    <div class=\"bs_gallery__image-element\">\r\n                        <img decoding=\"async\" src=\"https:\/\/uwr.edu.pl\/wp-content\/uploads\/2024\/05\/03_Blekitny-Fin-de-siecle_fot.-Dominika-Hull-Bruska-1600x1067.jpg\" alt='011_B\u0142\u0119kitny Fin de siecle_fot. Dominika Hull-Bruska (1)' data-bs-lightbox-set-slide=\"2\" class=\"bs_gallery__img\" tabindex=\"0\">\r\n                    <\/div>\r\n                            <\/div>\r\n                    <div class=\"bs_gallery__column\">\r\n                            <\/div>\r\n            <\/div>\r\n\r\n    <div class=\"bs_gallery__lightbox-bgc\" data-show-lightbox=\"false\" data-current-offset=\"0\" data-gallery-parent-id=\"bs_gallery_6a9acc7e1a428\">\r\n    <div class=\"bs_gallery__lightbox\">\r\n        <div class=\"bs_gallery__lightbox-topbar\">\r\n            <span class=\"bs_gallery__lightbox--buttons bs_gallery__lightbox-topbar__item\" tabindex=\"-1\" role=\"button\" title=\"Close lightbox window\" data-bs-lightbox-action=\"close\">Close<\/span>\r\n        <\/div>\r\n        <div class=\"bs_gallery__lightbox-main\">\r\n            <div class=\"bs_gallery__lightbox--buttons bs_gallery__lightbox-main__button\" data-bs-lightbox-action=\"prev\"><span>&larr;<\/span><\/div>\r\n            <div class=\"bs_gallery__lightbox--content-box\">\r\n                <div class=\"bs_gallery__lightbox-main__images-slider\">\r\n                    <div class=\"bs_gallery__lightbox-main__images-slider__item\">\r\n        <img decoding=\"async\" class=\"bs_gallery__lightbox-main__images-slider__item-image\" src=\"https:\/\/uwr.edu.pl\/wp-content\/uploads\/2024\/05\/011_Blekitny-Fin-de-siecle_fot.-Dominika-Hull-Bruska-1-1600x1067.jpg\">\r\n        <p class=\"bs_gallery__lightbox-main__images-slider__item__caption\"> Fot. Dominika Hull-Bruska<\/p>\r\n    <\/div>\r\n    <div class=\"bs_gallery__lightbox-main__images-slider__item\">\r\n        <img decoding=\"async\" class=\"bs_gallery__lightbox-main__images-slider__item-image\" src=\"https:\/\/uwr.edu.pl\/wp-content\/uploads\/2024\/05\/05_Blekitny-Fin-de-siecle_fot.-Dominika-Hull-Bruska-1600x1067.jpg\">\r\n        <p class=\"bs_gallery__lightbox-main__images-slider__item__caption\"> Fot. Dominika Hull-Bruska<\/p>\r\n    <\/div>\r\n    <div class=\"bs_gallery__lightbox-main__images-slider__item\">\r\n        <img decoding=\"async\" class=\"bs_gallery__lightbox-main__images-slider__item-image\" src=\"https:\/\/uwr.edu.pl\/wp-content\/uploads\/2024\/05\/03_Blekitny-Fin-de-siecle_fot.-Dominika-Hull-Bruska-1600x1067.jpg\">\r\n        <p class=\"bs_gallery__lightbox-main__images-slider__item__caption\"> Fot. Dominika Hull-Bruska<\/p>\r\n    <\/div>\r\n                <\/div>\r\n                <div class=\"bs_gallery__lightbox-main__minimap\">\r\n                                                                                                    <img decoding=\"async\" class=\"bs_gallery__lightbox-main__minimap-image\" data-bs-lightbox-set-slide=\"0\" src=\"https:\/\/uwr.edu.pl\/wp-content\/uploads\/2024\/05\/011_Blekitny-Fin-de-siecle_fot.-Dominika-Hull-Bruska-1-150x150.jpg\" data-bs-lightbox-is-active=\"false\">\r\n                                                                                <img decoding=\"async\" class=\"bs_gallery__lightbox-main__minimap-image\" data-bs-lightbox-set-slide=\"1\" src=\"https:\/\/uwr.edu.pl\/wp-content\/uploads\/2024\/05\/05_Blekitny-Fin-de-siecle_fot.-Dominika-Hull-Bruska-150x150.jpg\" data-bs-lightbox-is-active=\"false\">\r\n                                                                                <img decoding=\"async\" class=\"bs_gallery__lightbox-main__minimap-image\" data-bs-lightbox-set-slide=\"2\" src=\"https:\/\/uwr.edu.pl\/wp-content\/uploads\/2024\/05\/03_Blekitny-Fin-de-siecle_fot.-Dominika-Hull-Bruska-150x150.jpg\" data-bs-lightbox-is-active=\"false\">\r\n                                                            <\/div>\r\n            <\/div>\r\n            <div class=\"bs_gallery__lightbox--buttons bs_gallery__lightbox-main__button\" data-bs-lightbox-action=\"next\"><span>&rarr;<\/span><\/div>\r\n        <\/div>\r\n    <\/div>\r\n<\/div>\r\n<\/div><\/div><\/div><\/div><\/div><\/div><\/div>\n","protected":false},"excerpt":{"rendered":"<p>With this post, we start #mondayswithWUWr. We will keep you informed about the most important book launches, events and promotions, invite you to publications and describe what\u2019s new! Today is the first Monday summary. For more, visit\u00a0wuwr.eu!<\/p>\n","protected":false},"author":615,"featured_media":254337,"comment_status":"closed","ping_status":"open","sticky":false,"template":"","format":"standard","meta":{"_acf_changed":false,"inline_featured_image":false,"site-sidebar-layout":"default","site-content-layout":"","ast-site-content-layout":"default","site-content-style":"default","site-sidebar-style":"default","ast-global-header-display":"","ast-banner-title-visibility":"","ast-main-header-display":"","ast-hfb-above-header-display":"","ast-hfb-below-header-display":"","ast-hfb-mobile-header-display":"","site-post-title":"","ast-breadcrumbs-content":"","ast-featured-img":"","footer-sml-layout":"","ast-disable-related-posts":"","theme-transparent-header-meta":"","adv-header-id-meta":"","stick-header-meta":"","header-above-stick-meta":"","header-main-stick-meta":"","header-below-stick-meta":"","astra-migrate-meta-layouts":"set","ast-page-background-enabled":"default","ast-page-background-meta":{"desktop":{"background-color":"var(--ast-global-color-5)","background-image":"","background-repeat":"repeat","background-position":"center center","background-size":"auto","background-attachment":"scroll","background-type":"","background-media":"","overlay-type":"","overlay-color":"","overlay-opacity":"","overlay-gradient":""},"tablet":{"background-color":"","background-image":"","background-repeat":"repeat","background-position":"center center","background-size":"auto","background-attachment":"scroll","background-type":"","background-media":"","overlay-type":"","overlay-color":"","overlay-opacity":"","overlay-gradient":""},"mobile":{"background-color":"","background-image":"","background-repeat":"repeat","background-position":"center center","background-size":"auto","background-attachment":"scroll","background-type":"","background-media":"","overlay-type":"","overlay-color":"","overlay-opacity":"","overlay-gradient":""}},"ast-content-background-meta":{"desktop":{"background-color":"var(--ast-global-color-4)","background-image":"","background-repeat":"repeat","background-position":"center center","background-size":"auto","background-attachment":"scroll","background-type":"","background-media":"","overlay-type":"","overlay-color":"","overlay-opacity":"","overlay-gradient":""},"tablet":{"background-color":"var(--ast-global-color-4)","background-image":"","background-repeat":"repeat","background-position":"center center","background-size":"auto","background-attachment":"scroll","background-type":"","background-media":"","overlay-type":"","overlay-color":"","overlay-opacity":"","overlay-gradient":""},"mobile":{"background-color":"var(--ast-global-color-4)","background-image":"","background-repeat":"repeat","background-position":"center center","background-size":"auto","background-attachment":"scroll","background-type":"","background-media":"","overlay-type":"","overlay-color":"","overlay-opacity":"","overlay-gradient":""}},"footnotes":""},"categories":[84],"tags":[],"class_list":["post-254367","post","type-post","status-publish","format-standard","has-post-thumbnail","hentry","category-news"],"featured_image_urls_v2":{"full":["https:\/\/uwr.edu.pl\/wp-content\/uploads\/2024\/05\/06_Blekitny-Fin-de-siecle_fot.-Dominika-Hull-Bruska-scaled.jpg",2560,1707,false],"thumbnail":["https:\/\/uwr.edu.pl\/wp-content\/uploads\/2024\/05\/06_Blekitny-Fin-de-siecle_fot.-Dominika-Hull-Bruska-150x150.jpg",150,150,true],"medium":["https:\/\/uwr.edu.pl\/wp-content\/uploads\/2024\/05\/06_Blekitny-Fin-de-siecle_fot.-Dominika-Hull-Bruska-300x200.jpg",300,200,true],"medium_large":["https:\/\/uwr.edu.pl\/wp-content\/uploads\/2024\/05\/06_Blekitny-Fin-de-siecle_fot.-Dominika-Hull-Bruska-768x512.jpg",768,512,true],"large":["https:\/\/uwr.edu.pl\/wp-content\/uploads\/2024\/05\/06_Blekitny-Fin-de-siecle_fot.-Dominika-Hull-Bruska-1600x1067.jpg",1600,1067,true],"1536x1536":["https:\/\/uwr.edu.pl\/wp-content\/uploads\/2024\/05\/06_Blekitny-Fin-de-siecle_fot.-Dominika-Hull-Bruska-1536x1024.jpg",1536,1024,true],"2048x2048":["https:\/\/uwr.edu.pl\/wp-content\/uploads\/2024\/05\/06_Blekitny-Fin-de-siecle_fot.-Dominika-Hull-Bruska-2048x1365.jpg",2048,1365,true]},"post_excerpt_stackable_v2":"<p>With this post, we start #mondayswithWUWr. We will keep you informed about the most important book launches, events and promotions, invite you to publications and describe what\u2019s new! Today is the first Monday summary. For more, visit\u00a0wuwr.eu!<\/p>\n","category_list_v2":"<a href=\"https:\/\/uwr.edu.pl\/en\/category\/news\/\" rel=\"category tag\">News<\/a>","author_info_v2":{"name":"mjurkiewicz","url":"https:\/\/uwr.edu.pl\/en\/author\/mjurkiewicz\/"},"comments_num_v2":"0 comments","acf":[],"yoast_head":"<!-- This site is optimized with the Yoast SEO plugin v28.0 - https:\/\/yoast.com\/product\/yoast-seo-wordpress\/ -->\n<title>Mondays with WUWr #5 - Uniwersytet Wroc\u0142awski<\/title>\n<meta name=\"robots\" content=\"index, follow, max-snippet:-1, max-image-preview:large, max-video-preview:-1\" \/>\n<link rel=\"canonical\" href=\"https:\/\/uwr.edu.pl\/en\/mondays-with-wuwr-5\/\" \/>\n<meta property=\"og:locale\" content=\"en_US\" \/>\n<meta property=\"og:type\" content=\"article\" \/>\n<meta property=\"og:title\" content=\"Mondays with WUWr #5 - Uniwersytet Wroc\u0142awski\" \/>\n<meta property=\"og:description\" content=\"With this post, we start #mondayswithWUWr. We will keep you informed about the most important book launches, events and promotions, invite you to publications and describe what\u2019s new! Today is the first Monday summary. For more, visit\u00a0wuwr.eu!\" \/>\n<meta property=\"og:url\" content=\"https:\/\/uwr.edu.pl\/en\/mondays-with-wuwr-5\/\" \/>\n<meta property=\"og:site_name\" content=\"Uniwersytet Wroc\u0142awski\" \/>\n<meta property=\"article:published_time\" content=\"2024-05-06T10:37:33+00:00\" \/>\n<meta property=\"article:modified_time\" content=\"2024-05-06T11:53:18+00:00\" \/>\n<meta property=\"og:image\" content=\"https:\/\/uwr.edu.pl\/wp-content\/uploads\/2024\/05\/06_Blekitny-Fin-de-siecle_fot.-Dominika-Hull-Bruska-scaled.jpg\" \/>\n\t<meta property=\"og:image:width\" content=\"2560\" \/>\n\t<meta property=\"og:image:height\" content=\"1707\" \/>\n\t<meta property=\"og:image:type\" content=\"image\/jpeg\" \/>\n<meta name=\"author\" content=\"mjurkiewicz\" \/>\n<meta name=\"twitter:card\" content=\"summary_large_image\" \/>\n<meta name=\"twitter:label1\" content=\"Written by\" \/>\n\t<meta name=\"twitter:data1\" content=\"mjurkiewicz\" \/>\n\t<meta name=\"twitter:label2\" content=\"Est. reading time\" \/>\n\t<meta name=\"twitter:data2\" content=\"3 minutes\" \/>\n<script type=\"application\/ld+json\" class=\"yoast-schema-graph\">{\"@context\":\"https:\\\/\\\/schema.org\",\"@graph\":[{\"@type\":\"Article\",\"@id\":\"https:\\\/\\\/uwr.edu.pl\\\/en\\\/mondays-with-wuwr-5\\\/#article\",\"isPartOf\":{\"@id\":\"https:\\\/\\\/uwr.edu.pl\\\/en\\\/mondays-with-wuwr-5\\\/\"},\"author\":{\"name\":\"mjurkiewicz\",\"@id\":\"https:\\\/\\\/uwr.edu.pl\\\/en\\\/#\\\/schema\\\/person\\\/3783c9852e76ff47132364735fea54b3\"},\"headline\":\"Mondays with WUWr #5\",\"datePublished\":\"2024-05-06T10:37:33+00:00\",\"dateModified\":\"2024-05-06T11:53:18+00:00\",\"mainEntityOfPage\":{\"@id\":\"https:\\\/\\\/uwr.edu.pl\\\/en\\\/mondays-with-wuwr-5\\\/\"},\"wordCount\":424,\"publisher\":{\"@id\":\"https:\\\/\\\/uwr.edu.pl\\\/en\\\/#organization\"},\"image\":{\"@id\":\"https:\\\/\\\/uwr.edu.pl\\\/en\\\/mondays-with-wuwr-5\\\/#primaryimage\"},\"thumbnailUrl\":\"https:\\\/\\\/uwr.edu.pl\\\/wp-content\\\/uploads\\\/2024\\\/05\\\/06_Blekitny-Fin-de-siecle_fot.-Dominika-Hull-Bruska-scaled.jpg\",\"articleSection\":[\"News\"],\"inLanguage\":\"en-US\"},{\"@type\":\"WebPage\",\"@id\":\"https:\\\/\\\/uwr.edu.pl\\\/en\\\/mondays-with-wuwr-5\\\/\",\"url\":\"https:\\\/\\\/uwr.edu.pl\\\/en\\\/mondays-with-wuwr-5\\\/\",\"name\":\"Mondays with WUWr #5 - Uniwersytet Wroc\u0142awski\",\"isPartOf\":{\"@id\":\"https:\\\/\\\/uwr.edu.pl\\\/en\\\/#website\"},\"primaryImageOfPage\":{\"@id\":\"https:\\\/\\\/uwr.edu.pl\\\/en\\\/mondays-with-wuwr-5\\\/#primaryimage\"},\"image\":{\"@id\":\"https:\\\/\\\/uwr.edu.pl\\\/en\\\/mondays-with-wuwr-5\\\/#primaryimage\"},\"thumbnailUrl\":\"https:\\\/\\\/uwr.edu.pl\\\/wp-content\\\/uploads\\\/2024\\\/05\\\/06_Blekitny-Fin-de-siecle_fot.-Dominika-Hull-Bruska-scaled.jpg\",\"datePublished\":\"2024-05-06T10:37:33+00:00\",\"dateModified\":\"2024-05-06T11:53:18+00:00\",\"breadcrumb\":{\"@id\":\"https:\\\/\\\/uwr.edu.pl\\\/en\\\/mondays-with-wuwr-5\\\/#breadcrumb\"},\"inLanguage\":\"en-US\",\"potentialAction\":[{\"@type\":\"ReadAction\",\"target\":[\"https:\\\/\\\/uwr.edu.pl\\\/en\\\/mondays-with-wuwr-5\\\/\"]}]},{\"@type\":\"ImageObject\",\"inLanguage\":\"en-US\",\"@id\":\"https:\\\/\\\/uwr.edu.pl\\\/en\\\/mondays-with-wuwr-5\\\/#primaryimage\",\"url\":\"https:\\\/\\\/uwr.edu.pl\\\/wp-content\\\/uploads\\\/2024\\\/05\\\/06_Blekitny-Fin-de-siecle_fot.-Dominika-Hull-Bruska-scaled.jpg\",\"contentUrl\":\"https:\\\/\\\/uwr.edu.pl\\\/wp-content\\\/uploads\\\/2024\\\/05\\\/06_Blekitny-Fin-de-siecle_fot.-Dominika-Hull-Bruska-scaled.jpg\",\"width\":2560,\"height\":1707,\"caption\":\"Fot. Dominika Hull-Bruska\"},{\"@type\":\"BreadcrumbList\",\"@id\":\"https:\\\/\\\/uwr.edu.pl\\\/en\\\/mondays-with-wuwr-5\\\/#breadcrumb\",\"itemListElement\":[{\"@type\":\"ListItem\",\"position\":1,\"name\":\"Strona g\u0142\u00f3wna\",\"item\":\"https:\\\/\\\/uwr.edu.pl\\\/en\\\/\"},{\"@type\":\"ListItem\",\"position\":2,\"name\":\"Mondays with WUWr #5\"}]},{\"@type\":\"WebSite\",\"@id\":\"https:\\\/\\\/uwr.edu.pl\\\/en\\\/#website\",\"url\":\"https:\\\/\\\/uwr.edu.pl\\\/en\\\/\",\"name\":\"Uniwersytet Wroc\u0142awski\",\"description\":\"Oficjalna Strona Informacyjna\",\"publisher\":{\"@id\":\"https:\\\/\\\/uwr.edu.pl\\\/en\\\/#organization\"},\"potentialAction\":[{\"@type\":\"SearchAction\",\"target\":{\"@type\":\"EntryPoint\",\"urlTemplate\":\"https:\\\/\\\/uwr.edu.pl\\\/en\\\/?s={search_term_string}\"},\"query-input\":{\"@type\":\"PropertyValueSpecification\",\"valueRequired\":true,\"valueName\":\"search_term_string\"}}],\"inLanguage\":\"en-US\"},{\"@type\":\"Organization\",\"@id\":\"https:\\\/\\\/uwr.edu.pl\\\/en\\\/#organization\",\"name\":\"Uniwersytet Wroc\u0142awski\",\"url\":\"https:\\\/\\\/uwr.edu.pl\\\/en\\\/\",\"logo\":{\"@type\":\"ImageObject\",\"inLanguage\":\"en-US\",\"@id\":\"https:\\\/\\\/uwr.edu.pl\\\/en\\\/#\\\/schema\\\/logo\\\/image\\\/\",\"url\":\"https:\\\/\\\/uwr.edu.pl\\\/wp-content\\\/uploads\\\/2025\\\/06\\\/UWr_LOGO_3_BIALE_tlo-przezroczyste_RGB_300dpi.png\",\"contentUrl\":\"https:\\\/\\\/uwr.edu.pl\\\/wp-content\\\/uploads\\\/2025\\\/06\\\/UWr_LOGO_3_BIALE_tlo-przezroczyste_RGB_300dpi.png\",\"width\":930,\"height\":424,\"caption\":\"Uniwersytet Wroc\u0142awski \"},\"image\":{\"@id\":\"https:\\\/\\\/uwr.edu.pl\\\/en\\\/#\\\/schema\\\/logo\\\/image\\\/\"}},{\"@type\":\"Person\",\"@id\":\"https:\\\/\\\/uwr.edu.pl\\\/en\\\/#\\\/schema\\\/person\\\/3783c9852e76ff47132364735fea54b3\",\"name\":\"mjurkiewicz\",\"image\":{\"@type\":\"ImageObject\",\"inLanguage\":\"en-US\",\"@id\":\"https:\\\/\\\/secure.gravatar.com\\\/avatar\\\/45ab2f71c817a3ae9b5de56db1cda996317f6c562335419731c5092cfa821662?s=96&d=mm&r=g\",\"url\":\"https:\\\/\\\/secure.gravatar.com\\\/avatar\\\/45ab2f71c817a3ae9b5de56db1cda996317f6c562335419731c5092cfa821662?s=96&d=mm&r=g\",\"contentUrl\":\"https:\\\/\\\/secure.gravatar.com\\\/avatar\\\/45ab2f71c817a3ae9b5de56db1cda996317f6c562335419731c5092cfa821662?s=96&d=mm&r=g\",\"caption\":\"mjurkiewicz\"}}]}<\/script>\n<!-- \/ Yoast SEO plugin. -->","yoast_head_json":{"title":"Mondays with WUWr #5 - Uniwersytet Wroc\u0142awski","robots":{"index":"index","follow":"follow","max-snippet":"max-snippet:-1","max-image-preview":"max-image-preview:large","max-video-preview":"max-video-preview:-1"},"canonical":"https:\/\/uwr.edu.pl\/en\/mondays-with-wuwr-5\/","og_locale":"en_US","og_type":"article","og_title":"Mondays with WUWr #5 - Uniwersytet Wroc\u0142awski","og_description":"With this post, we start #mondayswithWUWr. We will keep you informed about the most important book launches, events and promotions, invite you to publications and describe what\u2019s new! Today is the first Monday summary. For more, visit\u00a0wuwr.eu!","og_url":"https:\/\/uwr.edu.pl\/en\/mondays-with-wuwr-5\/","og_site_name":"Uniwersytet Wroc\u0142awski","article_published_time":"2024-05-06T10:37:33+00:00","article_modified_time":"2024-05-06T11:53:18+00:00","og_image":[{"width":2560,"height":1707,"url":"https:\/\/uwr.edu.pl\/wp-content\/uploads\/2024\/05\/06_Blekitny-Fin-de-siecle_fot.-Dominika-Hull-Bruska-scaled.jpg","type":"image\/jpeg"}],"author":"mjurkiewicz","twitter_card":"summary_large_image","twitter_misc":{"Written by":"mjurkiewicz","Est. reading time":"3 minutes"},"schema":{"@context":"https:\/\/schema.org","@graph":[{"@type":"Article","@id":"https:\/\/uwr.edu.pl\/en\/mondays-with-wuwr-5\/#article","isPartOf":{"@id":"https:\/\/uwr.edu.pl\/en\/mondays-with-wuwr-5\/"},"author":{"name":"mjurkiewicz","@id":"https:\/\/uwr.edu.pl\/en\/#\/schema\/person\/3783c9852e76ff47132364735fea54b3"},"headline":"Mondays with WUWr #5","datePublished":"2024-05-06T10:37:33+00:00","dateModified":"2024-05-06T11:53:18+00:00","mainEntityOfPage":{"@id":"https:\/\/uwr.edu.pl\/en\/mondays-with-wuwr-5\/"},"wordCount":424,"publisher":{"@id":"https:\/\/uwr.edu.pl\/en\/#organization"},"image":{"@id":"https:\/\/uwr.edu.pl\/en\/mondays-with-wuwr-5\/#primaryimage"},"thumbnailUrl":"https:\/\/uwr.edu.pl\/wp-content\/uploads\/2024\/05\/06_Blekitny-Fin-de-siecle_fot.-Dominika-Hull-Bruska-scaled.jpg","articleSection":["News"],"inLanguage":"en-US"},{"@type":"WebPage","@id":"https:\/\/uwr.edu.pl\/en\/mondays-with-wuwr-5\/","url":"https:\/\/uwr.edu.pl\/en\/mondays-with-wuwr-5\/","name":"Mondays with WUWr #5 - Uniwersytet Wroc\u0142awski","isPartOf":{"@id":"https:\/\/uwr.edu.pl\/en\/#website"},"primaryImageOfPage":{"@id":"https:\/\/uwr.edu.pl\/en\/mondays-with-wuwr-5\/#primaryimage"},"image":{"@id":"https:\/\/uwr.edu.pl\/en\/mondays-with-wuwr-5\/#primaryimage"},"thumbnailUrl":"https:\/\/uwr.edu.pl\/wp-content\/uploads\/2024\/05\/06_Blekitny-Fin-de-siecle_fot.-Dominika-Hull-Bruska-scaled.jpg","datePublished":"2024-05-06T10:37:33+00:00","dateModified":"2024-05-06T11:53:18+00:00","breadcrumb":{"@id":"https:\/\/uwr.edu.pl\/en\/mondays-with-wuwr-5\/#breadcrumb"},"inLanguage":"en-US","potentialAction":[{"@type":"ReadAction","target":["https:\/\/uwr.edu.pl\/en\/mondays-with-wuwr-5\/"]}]},{"@type":"ImageObject","inLanguage":"en-US","@id":"https:\/\/uwr.edu.pl\/en\/mondays-with-wuwr-5\/#primaryimage","url":"https:\/\/uwr.edu.pl\/wp-content\/uploads\/2024\/05\/06_Blekitny-Fin-de-siecle_fot.-Dominika-Hull-Bruska-scaled.jpg","contentUrl":"https:\/\/uwr.edu.pl\/wp-content\/uploads\/2024\/05\/06_Blekitny-Fin-de-siecle_fot.-Dominika-Hull-Bruska-scaled.jpg","width":2560,"height":1707,"caption":"Fot. Dominika Hull-Bruska"},{"@type":"BreadcrumbList","@id":"https:\/\/uwr.edu.pl\/en\/mondays-with-wuwr-5\/#breadcrumb","itemListElement":[{"@type":"ListItem","position":1,"name":"Strona g\u0142\u00f3wna","item":"https:\/\/uwr.edu.pl\/en\/"},{"@type":"ListItem","position":2,"name":"Mondays with WUWr #5"}]},{"@type":"WebSite","@id":"https:\/\/uwr.edu.pl\/en\/#website","url":"https:\/\/uwr.edu.pl\/en\/","name":"Uniwersytet Wroc\u0142awski","description":"Oficjalna Strona Informacyjna","publisher":{"@id":"https:\/\/uwr.edu.pl\/en\/#organization"},"potentialAction":[{"@type":"SearchAction","target":{"@type":"EntryPoint","urlTemplate":"https:\/\/uwr.edu.pl\/en\/?s={search_term_string}"},"query-input":{"@type":"PropertyValueSpecification","valueRequired":true,"valueName":"search_term_string"}}],"inLanguage":"en-US"},{"@type":"Organization","@id":"https:\/\/uwr.edu.pl\/en\/#organization","name":"Uniwersytet Wroc\u0142awski","url":"https:\/\/uwr.edu.pl\/en\/","logo":{"@type":"ImageObject","inLanguage":"en-US","@id":"https:\/\/uwr.edu.pl\/en\/#\/schema\/logo\/image\/","url":"https:\/\/uwr.edu.pl\/wp-content\/uploads\/2025\/06\/UWr_LOGO_3_BIALE_tlo-przezroczyste_RGB_300dpi.png","contentUrl":"https:\/\/uwr.edu.pl\/wp-content\/uploads\/2025\/06\/UWr_LOGO_3_BIALE_tlo-przezroczyste_RGB_300dpi.png","width":930,"height":424,"caption":"Uniwersytet Wroc\u0142awski "},"image":{"@id":"https:\/\/uwr.edu.pl\/en\/#\/schema\/logo\/image\/"}},{"@type":"Person","@id":"https:\/\/uwr.edu.pl\/en\/#\/schema\/person\/3783c9852e76ff47132364735fea54b3","name":"mjurkiewicz","image":{"@type":"ImageObject","inLanguage":"en-US","@id":"https:\/\/secure.gravatar.com\/avatar\/45ab2f71c817a3ae9b5de56db1cda996317f6c562335419731c5092cfa821662?s=96&d=mm&r=g","url":"https:\/\/secure.gravatar.com\/avatar\/45ab2f71c817a3ae9b5de56db1cda996317f6c562335419731c5092cfa821662?s=96&d=mm&r=g","contentUrl":"https:\/\/secure.gravatar.com\/avatar\/45ab2f71c817a3ae9b5de56db1cda996317f6c562335419731c5092cfa821662?s=96&d=mm&r=g","caption":"mjurkiewicz"}}]}},"publishpress_future_action":{"enabled":false,"date":"2026-09-11 15:49:50","action":"change-status","newStatus":"draft","terms":[],"taxonomy":"category","extraData":[]},"publishpress_future_workflow_manual_trigger":{"enabledWorkflows":[]},"_links":{"self":[{"href":"https:\/\/uwr.edu.pl\/en\/wp-json\/wp\/v2\/posts\/254367","targetHints":{"allow":["GET"]}}],"collection":[{"href":"https:\/\/uwr.edu.pl\/en\/wp-json\/wp\/v2\/posts"}],"about":[{"href":"https:\/\/uwr.edu.pl\/en\/wp-json\/wp\/v2\/types\/post"}],"author":[{"embeddable":true,"href":"https:\/\/uwr.edu.pl\/en\/wp-json\/wp\/v2\/users\/615"}],"replies":[{"embeddable":true,"href":"https:\/\/uwr.edu.pl\/en\/wp-json\/wp\/v2\/comments?post=254367"}],"version-history":[{"count":1,"href":"https:\/\/uwr.edu.pl\/en\/wp-json\/wp\/v2\/posts\/254367\/revisions"}],"predecessor-version":[{"id":254376,"href":"https:\/\/uwr.edu.pl\/en\/wp-json\/wp\/v2\/posts\/254367\/revisions\/254376"}],"wp:featuredmedia":[{"embeddable":true,"href":"https:\/\/uwr.edu.pl\/en\/wp-json\/wp\/v2\/media\/254337"}],"wp:attachment":[{"href":"https:\/\/uwr.edu.pl\/en\/wp-json\/wp\/v2\/media?parent=254367"}],"wp:term":[{"taxonomy":"category","embeddable":true,"href":"https:\/\/uwr.edu.pl\/en\/wp-json\/wp\/v2\/categories?post=254367"},{"taxonomy":"post_tag","embeddable":true,"href":"https:\/\/uwr.edu.pl\/en\/wp-json\/wp\/v2\/tags?post=254367"}],"curies":[{"name":"wp","href":"https:\/\/api.w.org\/{rel}","templated":true}]}}