{"id":384634,"date":"2026-04-08T09:06:52","date_gmt":"2026-04-08T07:06:52","guid":{"rendered":"https:\/\/uwr.edu.pl\/zmarl-prof-marian-ursel\/"},"modified":"2026-05-04T09:12:51","modified_gmt":"2026-05-04T07:12:51","slug":"prof-marian-ursel-passed-away","status":"publish","type":"post","link":"https:\/\/uwr.edu.pl\/en\/prof-marian-ursel-passed-away\/","title":{"rendered":"Prof. Marian Ursel passed away"},"content":{"rendered":"\n<div class=\"wp-block-ugb-container ugb-container blok_nowa_podstrona ugb-8dda971 ugb-container--v2 ugb-container--design-plain ugb-main-block\"><div class=\"ugb-inner-block\"><div class=\"ugb-block-content\"><div class=\"ugb-container__wrapper ugb-8dda971-wrapper\"><div class=\"ugb-container__side\"><div class=\"ugb-container__content-wrapper ugb-8dda971-content-wrapper\">\n<div class=\"wp-block-columns bs-news-page is-layout-flex wp-block-columns-is-layout-flex\">\n<div class=\"wp-block-column bs-kontakt-photo is-layout-flow wp-block-column-is-layout-flow\">\n<figure class=\"wp-block-image size-large\"><img loading=\"lazy\" decoding=\"async\" width=\"1600\" height=\"1067\" src=\"https:\/\/uwr.edu.pl\/wp-content\/uploads\/2026\/04\/2021_grobing_wszystkich-swietych_fot.-Alina-Metelytsia_16-1600x1067.jpg\" alt=\"szklany znicz z szar\u0105 kopu\u0142\u0105 stoj\u0105cy na grobie. na zniczu znajduje si\u0119 logo uniwersytetu wroc\u0142awskiego oraz napis akademicki znicz pami\u0119ci\" class=\"wp-image-380362\" srcset=\"https:\/\/uwr.edu.pl\/wp-content\/uploads\/2026\/04\/2021_grobing_wszystkich-swietych_fot.-Alina-Metelytsia_16-1600x1067.jpg 1600w, https:\/\/uwr.edu.pl\/wp-content\/uploads\/2026\/04\/2021_grobing_wszystkich-swietych_fot.-Alina-Metelytsia_16-300x200.jpg 300w, https:\/\/uwr.edu.pl\/wp-content\/uploads\/2026\/04\/2021_grobing_wszystkich-swietych_fot.-Alina-Metelytsia_16-768x512.jpg 768w, https:\/\/uwr.edu.pl\/wp-content\/uploads\/2026\/04\/2021_grobing_wszystkich-swietych_fot.-Alina-Metelytsia_16-1536x1024.jpg 1536w, https:\/\/uwr.edu.pl\/wp-content\/uploads\/2026\/04\/2021_grobing_wszystkich-swietych_fot.-Alina-Metelytsia_16-2048x1365.jpg 2048w\" sizes=\"auto, (max-width: 1600px) 100vw, 1600px\" \/><figcaption class=\"wp-element-caption\">photo: Alina Metelytsia-Kolisnyk<\/figcaption><\/figure>\n<\/div>\n\n\n\n<div class=\"wp-block-column bs-contact-right-column is-layout-flow wp-block-column-is-layout-flow\">\n<div class=\"wp-block-bonasoft-modular-breadcrumbs-block\"><div class=\"bs_add_breadcrumb_trail\"><\/div><\/div>\n\n\n\n<hr class=\"wp-block-separator has-text-color has-black-color has-css-opacity has-black-background-color has-background is-style-wide bs-border-kontakt\"\/>\n\n\n<h1 style=\"font-style:normal;font-weight:700\" class=\"bs-naglowek-podstrony wp-block-post-title\">Prof. Marian Ursel passed away<\/h1>\n\n\n<p class=\"wp-block-paragraph\">With deep sadness we inform you that prof. dr hab. Marian Ursel passed away on 6 April 2026. He was an outstanding scholar and an editor of Polish romantic literature, an excellent teacher and educator of many generations of Polish philologists (1950-2026).<\/p>\n<\/div>\n<\/div>\n\n\n\n<p class=\"wp-block-paragraph\">In the rich legacy that Professor Ursel left behind, a special place is held by the works about Aleksander Fredro: Bajkopisarstwo Aleksandra Fredry (1980); O wierszach Aleksandra Fredry (1992); Fredrowskie teatralizacje. Studia i szkice (1994); Aleksander Fredro. Na scenie \u017cycia i teatru (2009). In the National Library series he published Wyb\u00f3r komedii Aleksandra Fredry, as well as editions of other Fredro\u2019s works and releases of romantic works meant for educational purposes, such as poetry novels of Juliusz S\u0142owacki. In the years 2012-2016 he was in charg\u00e9 of the Works of Aleksander Fredro grant. In prof. Ursel\u2019s legacy there are anthropological reflections: Romantics and surroundings of death (2011) and various discourses about Polish romanticism.<\/p>\n\n\n\n<p class=\"wp-block-paragraph\">In the years 2008-2020 prof. Marian Ursel was in charge of the Department of the History of Romantic Literature in the UWr Institute of Polish Studies. From 2002 he was a member of the Wroc\u0142aw Scientific Society. Since 2011 he was the president of the Society of Friends of Polish Studies. In years 2000-2019 he was an editor of \u201ePrace Literackie\u201d magazine. In 2015-2020 he was a rector at the Karkonosze State University of Applied Sciences.<\/p>\n\n\n\n<p class=\"wp-block-paragraph\">He will stay in our memory not only as a deserving humanities scholar but also &#8211; and most importantly \u2013 as a kind and good man with a particular way of being, full of unique charm.<\/p>\n\n\n\n<p class=\"wp-block-paragraph\">The funeral service will take place on Saturday, 11 April at 9.10 am at Osobowicki Cemetery in Wroc\u0142aw.<\/p>\n\n\n\n<p class=\"wp-block-paragraph\">We express our deepest condolences to the Professor\u2019s family.<\/p>\n\n\n\n<p class=\"wp-block-paragraph\">Translated by Julia Siwiec (student of English Studies at the University of Wroc\u0142aw) as part of the translation practice.<\/p>\n\n\n\n<p class=\"wp-block-paragraph\"><em>Date of publication: 08.04.2026<\/em><\/p>\n\n\n\n<p class=\"wp-block-paragraph\"><em>Added by: EJK<\/em><\/p>\n<\/div><\/div><\/div><\/div><\/div><\/div>\n","protected":false},"excerpt":{"rendered":"<p>With deep sadness we inform you that prof. dr hab. Marian Ursel passed away on 6 April 2026. He was an outstanding scholar and an editor of Polish romantic literature, an excellent teacher and educator of many generations of Polish philologists (1950-2026).<\/p>\n","protected":false},"author":10110,"featured_media":380362,"comment_status":"closed","ping_status":"open","sticky":false,"template":"","format":"standard","meta":{"_acf_changed":false,"inline_featured_image":false,"site-sidebar-layout":"default","site-content-layout":"","ast-site-content-layout":"default","site-content-style":"default","site-sidebar-style":"default","ast-global-header-display":"","ast-banner-title-visibility":"","ast-main-header-display":"","ast-hfb-above-header-display":"","ast-hfb-below-header-display":"","ast-hfb-mobile-header-display":"","site-post-title":"","ast-breadcrumbs-content":"","ast-featured-img":"","footer-sml-layout":"","ast-disable-related-posts":"","theme-transparent-header-meta":"","adv-header-id-meta":"","stick-header-meta":"","header-above-stick-meta":"","header-main-stick-meta":"","header-below-stick-meta":"","astra-migrate-meta-layouts":"default","ast-page-background-enabled":"default","ast-page-background-meta":{"desktop":{"background-color":"var(--ast-global-color-5)","background-image":"","background-repeat":"repeat","background-position":"center center","background-size":"auto","background-attachment":"scroll","background-type":"","background-media":"","overlay-type":"","overlay-color":"","overlay-opacity":"","overlay-gradient":""},"tablet":{"background-color":"","background-image":"","background-repeat":"repeat","background-position":"center center","background-size":"auto","background-attachment":"scroll","background-type":"","background-media":"","overlay-type":"","overlay-color":"","overlay-opacity":"","overlay-gradient":""},"mobile":{"background-color":"","background-image":"","background-repeat":"repeat","background-position":"center center","background-size":"auto","background-attachment":"scroll","background-type":"","background-media":"","overlay-type":"","overlay-color":"","overlay-opacity":"","overlay-gradient":""}},"ast-content-background-meta":{"desktop":{"background-color":"var(--ast-global-color-4)","background-image":"","background-repeat":"repeat","background-position":"center center","background-size":"auto","background-attachment":"scroll","background-type":"","background-media":"","overlay-type":"","overlay-color":"","overlay-opacity":"","overlay-gradient":""},"tablet":{"background-color":"var(--ast-global-color-4)","background-image":"","background-repeat":"repeat","background-position":"center center","background-size":"auto","background-attachment":"scroll","background-type":"","background-media":"","overlay-type":"","overlay-color":"","overlay-opacity":"","overlay-gradient":""},"mobile":{"background-color":"var(--ast-global-color-4)","background-image":"","background-repeat":"repeat","background-position":"center center","background-size":"auto","background-attachment":"scroll","background-type":"","background-media":"","overlay-type":"","overlay-color":"","overlay-opacity":"","overlay-gradient":""}},"footnotes":""},"categories":[213],"tags":[],"class_list":["post-384634","post","type-post","status-publish","format-standard","has-post-thumbnail","hentry","category-ul-obituaries-en"],"featured_image_urls_v2":{"full":["https:\/\/uwr.edu.pl\/wp-content\/uploads\/2026\/04\/2021_grobing_wszystkich-swietych_fot.-Alina-Metelytsia_16-scaled.jpg",2560,1707,false],"thumbnail":["https:\/\/uwr.edu.pl\/wp-content\/uploads\/2026\/04\/2021_grobing_wszystkich-swietych_fot.-Alina-Metelytsia_16-150x150.jpg",150,150,true],"medium":["https:\/\/uwr.edu.pl\/wp-content\/uploads\/2026\/04\/2021_grobing_wszystkich-swietych_fot.-Alina-Metelytsia_16-300x200.jpg",300,200,true],"medium_large":["https:\/\/uwr.edu.pl\/wp-content\/uploads\/2026\/04\/2021_grobing_wszystkich-swietych_fot.-Alina-Metelytsia_16-768x512.jpg",768,512,true],"large":["https:\/\/uwr.edu.pl\/wp-content\/uploads\/2026\/04\/2021_grobing_wszystkich-swietych_fot.-Alina-Metelytsia_16-1600x1067.jpg",1600,1067,true],"1536x1536":["https:\/\/uwr.edu.pl\/wp-content\/uploads\/2026\/04\/2021_grobing_wszystkich-swietych_fot.-Alina-Metelytsia_16-1536x1024.jpg",1536,1024,true],"2048x2048":["https:\/\/uwr.edu.pl\/wp-content\/uploads\/2026\/04\/2021_grobing_wszystkich-swietych_fot.-Alina-Metelytsia_16-2048x1365.jpg",2048,1365,true]},"post_excerpt_stackable_v2":"<p>With deep sadness we inform you that prof. dr hab. Marian Ursel passed away on 6 April 2026. He was an outstanding scholar and an editor of Polish romantic literature, an excellent teacher and educator of many generations of Polish philologists (1950-2026).<\/p>\n","category_list_v2":"<a href=\"https:\/\/uwr.edu.pl\/en\/category\/ul-obituaries-en\/\" rel=\"category tag\">UL: Obituaries<\/a>","author_info_v2":{"name":"ekawecki","url":"https:\/\/uwr.edu.pl\/en\/author\/ekawecki\/"},"comments_num_v2":"0 comments","acf":[],"yoast_head":"<!-- This site is optimized with the Yoast SEO plugin v28.0 - https:\/\/yoast.com\/product\/yoast-seo-wordpress\/ -->\n<title>Prof. Marian Ursel passed away - Uniwersytet Wroc\u0142awski<\/title>\n<meta name=\"robots\" content=\"index, follow, max-snippet:-1, max-image-preview:large, max-video-preview:-1\" \/>\n<link rel=\"canonical\" href=\"https:\/\/uwr.edu.pl\/en\/prof-marian-ursel-passed-away\/\" \/>\n<meta property=\"og:locale\" content=\"en_US\" \/>\n<meta property=\"og:type\" content=\"article\" \/>\n<meta property=\"og:title\" content=\"Prof. Marian Ursel passed away - Uniwersytet Wroc\u0142awski\" \/>\n<meta property=\"og:description\" content=\"With deep sadness we inform you that prof. dr hab. Marian Ursel passed away on 6 April 2026. He was an outstanding scholar and an editor of Polish romantic literature, an excellent teacher and educator of many generations of Polish philologists (1950-2026).\" \/>\n<meta property=\"og:url\" content=\"https:\/\/uwr.edu.pl\/en\/prof-marian-ursel-passed-away\/\" \/>\n<meta property=\"og:site_name\" content=\"Uniwersytet Wroc\u0142awski\" \/>\n<meta property=\"article:published_time\" content=\"2026-04-08T07:06:52+00:00\" \/>\n<meta property=\"article:modified_time\" content=\"2026-05-04T07:12:51+00:00\" \/>\n<meta property=\"og:image\" content=\"https:\/\/uwr.edu.pl\/wp-content\/uploads\/2026\/04\/2021_grobing_wszystkich-swietych_fot.-Alina-Metelytsia_16-scaled.jpg\" \/>\n\t<meta property=\"og:image:width\" content=\"2560\" \/>\n\t<meta property=\"og:image:height\" content=\"1707\" \/>\n\t<meta property=\"og:image:type\" content=\"image\/jpeg\" \/>\n<meta name=\"author\" content=\"ekawecki\" \/>\n<meta name=\"twitter:card\" content=\"summary_large_image\" \/>\n<meta name=\"twitter:label1\" content=\"Written by\" \/>\n\t<meta name=\"twitter:data1\" content=\"ekawecki\" \/>\n\t<meta name=\"twitter:label2\" content=\"Est. reading time\" \/>\n\t<meta name=\"twitter:data2\" content=\"3 minutes\" \/>\n<script type=\"application\/ld+json\" class=\"yoast-schema-graph\">{\"@context\":\"https:\\\/\\\/schema.org\",\"@graph\":[{\"@type\":\"Article\",\"@id\":\"https:\\\/\\\/uwr.edu.pl\\\/en\\\/prof-marian-ursel-passed-away\\\/#article\",\"isPartOf\":{\"@id\":\"https:\\\/\\\/uwr.edu.pl\\\/en\\\/prof-marian-ursel-passed-away\\\/\"},\"author\":{\"name\":\"ekawecki\",\"@id\":\"https:\\\/\\\/uwr.edu.pl\\\/en\\\/#\\\/schema\\\/person\\\/bd5060f2888c3ee2d6e96ebe40a6fcf3\"},\"headline\":\"Prof. Marian Ursel passed away\",\"datePublished\":\"2026-04-08T07:06:52+00:00\",\"dateModified\":\"2026-05-04T07:12:51+00:00\",\"mainEntityOfPage\":{\"@id\":\"https:\\\/\\\/uwr.edu.pl\\\/en\\\/prof-marian-ursel-passed-away\\\/\"},\"wordCount\":323,\"publisher\":{\"@id\":\"https:\\\/\\\/uwr.edu.pl\\\/en\\\/#organization\"},\"image\":{\"@id\":\"https:\\\/\\\/uwr.edu.pl\\\/en\\\/prof-marian-ursel-passed-away\\\/#primaryimage\"},\"thumbnailUrl\":\"https:\\\/\\\/uwr.edu.pl\\\/wp-content\\\/uploads\\\/2026\\\/04\\\/2021_grobing_wszystkich-swietych_fot.-Alina-Metelytsia_16-scaled.jpg\",\"articleSection\":[\"UL: Obituaries\"],\"inLanguage\":\"en-US\"},{\"@type\":\"WebPage\",\"@id\":\"https:\\\/\\\/uwr.edu.pl\\\/en\\\/prof-marian-ursel-passed-away\\\/\",\"url\":\"https:\\\/\\\/uwr.edu.pl\\\/en\\\/prof-marian-ursel-passed-away\\\/\",\"name\":\"Prof. Marian Ursel passed away - Uniwersytet Wroc\u0142awski\",\"isPartOf\":{\"@id\":\"https:\\\/\\\/uwr.edu.pl\\\/en\\\/#website\"},\"primaryImageOfPage\":{\"@id\":\"https:\\\/\\\/uwr.edu.pl\\\/en\\\/prof-marian-ursel-passed-away\\\/#primaryimage\"},\"image\":{\"@id\":\"https:\\\/\\\/uwr.edu.pl\\\/en\\\/prof-marian-ursel-passed-away\\\/#primaryimage\"},\"thumbnailUrl\":\"https:\\\/\\\/uwr.edu.pl\\\/wp-content\\\/uploads\\\/2026\\\/04\\\/2021_grobing_wszystkich-swietych_fot.-Alina-Metelytsia_16-scaled.jpg\",\"datePublished\":\"2026-04-08T07:06:52+00:00\",\"dateModified\":\"2026-05-04T07:12:51+00:00\",\"breadcrumb\":{\"@id\":\"https:\\\/\\\/uwr.edu.pl\\\/en\\\/prof-marian-ursel-passed-away\\\/#breadcrumb\"},\"inLanguage\":\"en-US\",\"potentialAction\":[{\"@type\":\"ReadAction\",\"target\":[\"https:\\\/\\\/uwr.edu.pl\\\/en\\\/prof-marian-ursel-passed-away\\\/\"]}]},{\"@type\":\"ImageObject\",\"inLanguage\":\"en-US\",\"@id\":\"https:\\\/\\\/uwr.edu.pl\\\/en\\\/prof-marian-ursel-passed-away\\\/#primaryimage\",\"url\":\"https:\\\/\\\/uwr.edu.pl\\\/wp-content\\\/uploads\\\/2026\\\/04\\\/2021_grobing_wszystkich-swietych_fot.-Alina-Metelytsia_16-scaled.jpg\",\"contentUrl\":\"https:\\\/\\\/uwr.edu.pl\\\/wp-content\\\/uploads\\\/2026\\\/04\\\/2021_grobing_wszystkich-swietych_fot.-Alina-Metelytsia_16-scaled.jpg\",\"width\":2560,\"height\":1707},{\"@type\":\"BreadcrumbList\",\"@id\":\"https:\\\/\\\/uwr.edu.pl\\\/en\\\/prof-marian-ursel-passed-away\\\/#breadcrumb\",\"itemListElement\":[{\"@type\":\"ListItem\",\"position\":1,\"name\":\"Strona g\u0142\u00f3wna\",\"item\":\"https:\\\/\\\/uwr.edu.pl\\\/en\\\/\"},{\"@type\":\"ListItem\",\"position\":2,\"name\":\"Prof. Marian Ursel passed away\"}]},{\"@type\":\"WebSite\",\"@id\":\"https:\\\/\\\/uwr.edu.pl\\\/en\\\/#website\",\"url\":\"https:\\\/\\\/uwr.edu.pl\\\/en\\\/\",\"name\":\"Uniwersytet Wroc\u0142awski\",\"description\":\"Oficjalna Strona Informacyjna\",\"publisher\":{\"@id\":\"https:\\\/\\\/uwr.edu.pl\\\/en\\\/#organization\"},\"potentialAction\":[{\"@type\":\"SearchAction\",\"target\":{\"@type\":\"EntryPoint\",\"urlTemplate\":\"https:\\\/\\\/uwr.edu.pl\\\/en\\\/?s={search_term_string}\"},\"query-input\":{\"@type\":\"PropertyValueSpecification\",\"valueRequired\":true,\"valueName\":\"search_term_string\"}}],\"inLanguage\":\"en-US\"},{\"@type\":\"Organization\",\"@id\":\"https:\\\/\\\/uwr.edu.pl\\\/en\\\/#organization\",\"name\":\"Uniwersytet Wroc\u0142awski\",\"url\":\"https:\\\/\\\/uwr.edu.pl\\\/en\\\/\",\"logo\":{\"@type\":\"ImageObject\",\"inLanguage\":\"en-US\",\"@id\":\"https:\\\/\\\/uwr.edu.pl\\\/en\\\/#\\\/schema\\\/logo\\\/image\\\/\",\"url\":\"https:\\\/\\\/uwr.edu.pl\\\/wp-content\\\/uploads\\\/2025\\\/06\\\/UWr_LOGO_3_BIALE_tlo-przezroczyste_RGB_300dpi.png\",\"contentUrl\":\"https:\\\/\\\/uwr.edu.pl\\\/wp-content\\\/uploads\\\/2025\\\/06\\\/UWr_LOGO_3_BIALE_tlo-przezroczyste_RGB_300dpi.png\",\"width\":930,\"height\":424,\"caption\":\"Uniwersytet Wroc\u0142awski \"},\"image\":{\"@id\":\"https:\\\/\\\/uwr.edu.pl\\\/en\\\/#\\\/schema\\\/logo\\\/image\\\/\"}},{\"@type\":\"Person\",\"@id\":\"https:\\\/\\\/uwr.edu.pl\\\/en\\\/#\\\/schema\\\/person\\\/bd5060f2888c3ee2d6e96ebe40a6fcf3\",\"name\":\"ekawecki\",\"image\":{\"@type\":\"ImageObject\",\"inLanguage\":\"en-US\",\"@id\":\"https:\\\/\\\/secure.gravatar.com\\\/avatar\\\/4018daab30f5c29d10fed8565bbe2143629e66e60e5a767ed4aafea3cb8aee48?s=96&d=mm&r=g\",\"url\":\"https:\\\/\\\/secure.gravatar.com\\\/avatar\\\/4018daab30f5c29d10fed8565bbe2143629e66e60e5a767ed4aafea3cb8aee48?s=96&d=mm&r=g\",\"contentUrl\":\"https:\\\/\\\/secure.gravatar.com\\\/avatar\\\/4018daab30f5c29d10fed8565bbe2143629e66e60e5a767ed4aafea3cb8aee48?s=96&d=mm&r=g\",\"caption\":\"ekawecki\"}}]}<\/script>\n<!-- \/ Yoast SEO plugin. -->","yoast_head_json":{"title":"Prof. Marian Ursel passed away - Uniwersytet Wroc\u0142awski","robots":{"index":"index","follow":"follow","max-snippet":"max-snippet:-1","max-image-preview":"max-image-preview:large","max-video-preview":"max-video-preview:-1"},"canonical":"https:\/\/uwr.edu.pl\/en\/prof-marian-ursel-passed-away\/","og_locale":"en_US","og_type":"article","og_title":"Prof. Marian Ursel passed away - Uniwersytet Wroc\u0142awski","og_description":"With deep sadness we inform you that prof. dr hab. Marian Ursel passed away on 6 April 2026. He was an outstanding scholar and an editor of Polish romantic literature, an excellent teacher and educator of many generations of Polish philologists (1950-2026).","og_url":"https:\/\/uwr.edu.pl\/en\/prof-marian-ursel-passed-away\/","og_site_name":"Uniwersytet Wroc\u0142awski","article_published_time":"2026-04-08T07:06:52+00:00","article_modified_time":"2026-05-04T07:12:51+00:00","og_image":[{"width":2560,"height":1707,"url":"https:\/\/uwr.edu.pl\/wp-content\/uploads\/2026\/04\/2021_grobing_wszystkich-swietych_fot.-Alina-Metelytsia_16-scaled.jpg","type":"image\/jpeg"}],"author":"ekawecki","twitter_card":"summary_large_image","twitter_misc":{"Written by":"ekawecki","Est. reading time":"3 minutes"},"schema":{"@context":"https:\/\/schema.org","@graph":[{"@type":"Article","@id":"https:\/\/uwr.edu.pl\/en\/prof-marian-ursel-passed-away\/#article","isPartOf":{"@id":"https:\/\/uwr.edu.pl\/en\/prof-marian-ursel-passed-away\/"},"author":{"name":"ekawecki","@id":"https:\/\/uwr.edu.pl\/en\/#\/schema\/person\/bd5060f2888c3ee2d6e96ebe40a6fcf3"},"headline":"Prof. Marian Ursel passed away","datePublished":"2026-04-08T07:06:52+00:00","dateModified":"2026-05-04T07:12:51+00:00","mainEntityOfPage":{"@id":"https:\/\/uwr.edu.pl\/en\/prof-marian-ursel-passed-away\/"},"wordCount":323,"publisher":{"@id":"https:\/\/uwr.edu.pl\/en\/#organization"},"image":{"@id":"https:\/\/uwr.edu.pl\/en\/prof-marian-ursel-passed-away\/#primaryimage"},"thumbnailUrl":"https:\/\/uwr.edu.pl\/wp-content\/uploads\/2026\/04\/2021_grobing_wszystkich-swietych_fot.-Alina-Metelytsia_16-scaled.jpg","articleSection":["UL: Obituaries"],"inLanguage":"en-US"},{"@type":"WebPage","@id":"https:\/\/uwr.edu.pl\/en\/prof-marian-ursel-passed-away\/","url":"https:\/\/uwr.edu.pl\/en\/prof-marian-ursel-passed-away\/","name":"Prof. Marian Ursel passed away - Uniwersytet Wroc\u0142awski","isPartOf":{"@id":"https:\/\/uwr.edu.pl\/en\/#website"},"primaryImageOfPage":{"@id":"https:\/\/uwr.edu.pl\/en\/prof-marian-ursel-passed-away\/#primaryimage"},"image":{"@id":"https:\/\/uwr.edu.pl\/en\/prof-marian-ursel-passed-away\/#primaryimage"},"thumbnailUrl":"https:\/\/uwr.edu.pl\/wp-content\/uploads\/2026\/04\/2021_grobing_wszystkich-swietych_fot.-Alina-Metelytsia_16-scaled.jpg","datePublished":"2026-04-08T07:06:52+00:00","dateModified":"2026-05-04T07:12:51+00:00","breadcrumb":{"@id":"https:\/\/uwr.edu.pl\/en\/prof-marian-ursel-passed-away\/#breadcrumb"},"inLanguage":"en-US","potentialAction":[{"@type":"ReadAction","target":["https:\/\/uwr.edu.pl\/en\/prof-marian-ursel-passed-away\/"]}]},{"@type":"ImageObject","inLanguage":"en-US","@id":"https:\/\/uwr.edu.pl\/en\/prof-marian-ursel-passed-away\/#primaryimage","url":"https:\/\/uwr.edu.pl\/wp-content\/uploads\/2026\/04\/2021_grobing_wszystkich-swietych_fot.-Alina-Metelytsia_16-scaled.jpg","contentUrl":"https:\/\/uwr.edu.pl\/wp-content\/uploads\/2026\/04\/2021_grobing_wszystkich-swietych_fot.-Alina-Metelytsia_16-scaled.jpg","width":2560,"height":1707},{"@type":"BreadcrumbList","@id":"https:\/\/uwr.edu.pl\/en\/prof-marian-ursel-passed-away\/#breadcrumb","itemListElement":[{"@type":"ListItem","position":1,"name":"Strona g\u0142\u00f3wna","item":"https:\/\/uwr.edu.pl\/en\/"},{"@type":"ListItem","position":2,"name":"Prof. Marian Ursel passed away"}]},{"@type":"WebSite","@id":"https:\/\/uwr.edu.pl\/en\/#website","url":"https:\/\/uwr.edu.pl\/en\/","name":"Uniwersytet Wroc\u0142awski","description":"Oficjalna Strona Informacyjna","publisher":{"@id":"https:\/\/uwr.edu.pl\/en\/#organization"},"potentialAction":[{"@type":"SearchAction","target":{"@type":"EntryPoint","urlTemplate":"https:\/\/uwr.edu.pl\/en\/?s={search_term_string}"},"query-input":{"@type":"PropertyValueSpecification","valueRequired":true,"valueName":"search_term_string"}}],"inLanguage":"en-US"},{"@type":"Organization","@id":"https:\/\/uwr.edu.pl\/en\/#organization","name":"Uniwersytet Wroc\u0142awski","url":"https:\/\/uwr.edu.pl\/en\/","logo":{"@type":"ImageObject","inLanguage":"en-US","@id":"https:\/\/uwr.edu.pl\/en\/#\/schema\/logo\/image\/","url":"https:\/\/uwr.edu.pl\/wp-content\/uploads\/2025\/06\/UWr_LOGO_3_BIALE_tlo-przezroczyste_RGB_300dpi.png","contentUrl":"https:\/\/uwr.edu.pl\/wp-content\/uploads\/2025\/06\/UWr_LOGO_3_BIALE_tlo-przezroczyste_RGB_300dpi.png","width":930,"height":424,"caption":"Uniwersytet Wroc\u0142awski "},"image":{"@id":"https:\/\/uwr.edu.pl\/en\/#\/schema\/logo\/image\/"}},{"@type":"Person","@id":"https:\/\/uwr.edu.pl\/en\/#\/schema\/person\/bd5060f2888c3ee2d6e96ebe40a6fcf3","name":"ekawecki","image":{"@type":"ImageObject","inLanguage":"en-US","@id":"https:\/\/secure.gravatar.com\/avatar\/4018daab30f5c29d10fed8565bbe2143629e66e60e5a767ed4aafea3cb8aee48?s=96&d=mm&r=g","url":"https:\/\/secure.gravatar.com\/avatar\/4018daab30f5c29d10fed8565bbe2143629e66e60e5a767ed4aafea3cb8aee48?s=96&d=mm&r=g","contentUrl":"https:\/\/secure.gravatar.com\/avatar\/4018daab30f5c29d10fed8565bbe2143629e66e60e5a767ed4aafea3cb8aee48?s=96&d=mm&r=g","caption":"ekawecki"}}]}},"publishpress_future_action":{"enabled":false,"date":"2026-09-13 22:49:08","action":"change-status","newStatus":"draft","terms":[],"taxonomy":"category","extraData":[]},"publishpress_future_workflow_manual_trigger":{"enabledWorkflows":[]},"_links":{"self":[{"href":"https:\/\/uwr.edu.pl\/en\/wp-json\/wp\/v2\/posts\/384634","targetHints":{"allow":["GET"]}}],"collection":[{"href":"https:\/\/uwr.edu.pl\/en\/wp-json\/wp\/v2\/posts"}],"about":[{"href":"https:\/\/uwr.edu.pl\/en\/wp-json\/wp\/v2\/types\/post"}],"author":[{"embeddable":true,"href":"https:\/\/uwr.edu.pl\/en\/wp-json\/wp\/v2\/users\/10110"}],"replies":[{"embeddable":true,"href":"https:\/\/uwr.edu.pl\/en\/wp-json\/wp\/v2\/comments?post=384634"}],"version-history":[{"count":1,"href":"https:\/\/uwr.edu.pl\/en\/wp-json\/wp\/v2\/posts\/384634\/revisions"}],"predecessor-version":[{"id":384640,"href":"https:\/\/uwr.edu.pl\/en\/wp-json\/wp\/v2\/posts\/384634\/revisions\/384640"}],"wp:featuredmedia":[{"embeddable":true,"href":"https:\/\/uwr.edu.pl\/en\/wp-json\/wp\/v2\/media\/380362"}],"wp:attachment":[{"href":"https:\/\/uwr.edu.pl\/en\/wp-json\/wp\/v2\/media?parent=384634"}],"wp:term":[{"taxonomy":"category","embeddable":true,"href":"https:\/\/uwr.edu.pl\/en\/wp-json\/wp\/v2\/categories?post=384634"},{"taxonomy":"post_tag","embeddable":true,"href":"https:\/\/uwr.edu.pl\/en\/wp-json\/wp\/v2\/tags?post=384634"}],"curies":[{"name":"wp","href":"https:\/\/api.w.org\/{rel}","templated":true}]}}